{"id":1308,"date":"2014-09-03T23:34:59","date_gmt":"2014-09-03T21:34:59","guid":{"rendered":"http:\/\/www.gruene-muellheim-neuenburg.de\/up\/?p=1308"},"modified":"2018-07-10T16:55:52","modified_gmt":"2018-07-10T14:55:52","slug":"gefaehrlicher-stoerfall-im-akw-fessenheim-am-9-april","status":"publish","type":"post","link":"http:\/\/www.gruene-muellheim-neuenburg.de\/up\/?p=1308","title":{"rendered":"Gef\u00e4hrlicher St\u00f6rfall im AKW Fessenheim am 9. April"},"content":{"rendered":"<p><a class=\"fancybox\" rel=\"gallery1308\" href=\"http:\/\/www.gruene-muellheim-neuenburg.de\/up\/wp-content\/uploads\/2014\/09\/PM-Fessenheim-gef\u00e4hrlicher-St\u00f6rfall-am-9.-April.pdf\">Presse<img loading=\"lazy\" decoding=\"async\" class=\"alignleft wp-image-510\" src=\"http:\/\/www.gruene-muellheim-neuenburg.de\/up\/wp-content\/uploads\/2013\/09\/img169.jpg\" alt=\"img169\" width=\"72\" height=\"72\" srcset=\"http:\/\/www.gruene-muellheim-neuenburg.de\/up\/wp-content\/uploads\/2013\/09\/img169.jpg 640w, http:\/\/www.gruene-muellheim-neuenburg.de\/up\/wp-content\/uploads\/2013\/09\/img169-150x150.jpg 150w, http:\/\/www.gruene-muellheim-neuenburg.de\/up\/wp-content\/uploads\/2013\/09\/img169-300x300.jpg 300w\" sizes=\"auto, (max-width: 72px) 100vw, 72px\" \/>mitteilung<\/a><\/p>\n<p><strong>S<\/strong><strong>t\u00f6rfall im AKW Fessenheim &#8211; MdL B\u00e4rbl Mielich:\u00a0\u201eMarode Technik und Schlamperei haben am 9. April zu einem St\u00f6rfall im AKW Fessenheim gef\u00fchrt.\u201d<\/strong><\/p>\n<p>\u201eAm 9. April hat sich im Atomkraftwerk Fessenheim ein St\u00f6rfall ereignet, dessen Ausma\u00df erst Wochen sp\u00e4ter bekannt geworden war. Dabei hat sich erneut gezeigt, wie gef\u00e4hrlich der Weiterbetrieb dieses Atomkraftwerks ist. Eine hochgef\u00e4hrliche Mischung aus maroder Technik und Schlamperei haben dazu gef\u00fchrt, dass elektronische Regelsysteme ausgefallen sind und einer von nur zwei Str\u00e4ngen des Reaktorschutzsystems nicht verf\u00fcgbar war\u201d, erkl\u00e4rt die gr\u00fcne Landtagsageordnete B\u00e4rbl Mielich und fordert:\u00a0\u00a0\u201cDieses Atomkraftwerk ist eine Zeitbombe und darf nicht weiterbetrieben werden!\u201d<a class=\"fancybox\" rel=\"gallery1308\" href=\"http:\/\/www.gruene-muellheim-neuenburg.de\/up\/wp-content\/uploads\/2014\/09\/20130513_151708-001.jpg\"><img loading=\"lazy\" decoding=\"async\" class=\"alignright wp-image-1309\" src=\"http:\/\/www.gruene-muellheim-neuenburg.de\/up\/wp-content\/uploads\/2014\/09\/20130513_151708-001.jpg\" alt=\"20130513_151708-001\" width=\"309\" height=\"203\" srcset=\"http:\/\/www.gruene-muellheim-neuenburg.de\/up\/wp-content\/uploads\/2014\/09\/20130513_151708-001.jpg 1692w, http:\/\/www.gruene-muellheim-neuenburg.de\/up\/wp-content\/uploads\/2014\/09\/20130513_151708-001-300x197.jpg 300w, http:\/\/www.gruene-muellheim-neuenburg.de\/up\/wp-content\/uploads\/2014\/09\/20130513_151708-001-1024x673.jpg 1024w\" sizes=\"auto, (max-width: 309px) 100vw, 309px\" \/><\/a><\/p>\n<p>\u201eDie Region ist wieder einmal an einer Katastrophe vorbeigeschrammt\u201c, stellt die Landtagsabgeordnete B\u00e4rbl Mielich fest. \u201eDer Weiterbetrieb dieses Atomkraftwerks ist unverantwortlich. Ich appelliere erneut an die Verantwortlichen, endlich die Rei\u00dfleine zu ziehen und das Atomkraftwerk Fessenheim umgehend stillzulegen\u201c<strong>.<\/strong><\/p>\n<p><a href=\"http:\/\/www.gruene-muellheim-neuenburg.de\/up\/wp-content\/uploads\/2014\/09\/PM-Fessenheim-gef\u00e4hrlicher-St\u00f6rfall-am-9.-April.pdf\">PM Fessenheim gef\u00e4hrlicher St\u00f6rfall am 9. April<\/a> <a href=\"http:\/\/www.gruene-muellheim-neuenburg.de\/up\/wp-content\/uploads\/2014\/09\/PM-Atomkraftwerk-Fessenheim-ist-nicht-sicher-.pdf\">PM Atomkraftwerk Fessenheim ist nicht sicher<\/a><\/p>\n<p><a href=\"http:\/\/www.gruene-muellheim-neuenburg.de\/up\/wp-content\/uploads\/2014\/09\/Antwort-UM-Zwischenfall-AKW-Fessenheim.pdf\">Antwort UM Zwischenfall AKW Fessenheim<\/a>\u00a0\u00a0\u00a0\u00a0\u00a0\u00a0\u00a0\u00a0\u00a0 <a href=\"http:\/\/www.gruene-muellheim-neuenburg.de\/up\/wp-content\/uploads\/2014\/09\/AB-St\u00f6rfall-am-9.-April-.pdf\">AB St\u00f6rfall am 9. April<\/a><\/p>\n","protected":false},"excerpt":{"rendered":"<p>Pressemitteilung St\u00f6rfall im AKW Fessenheim &#8211; MdL B\u00e4rbl Mielich:\u00a0\u201eMarode Technik und Schlamperei haben am 9. April zu einem St\u00f6rfall im AKW Fessenheim gef\u00fchrt.\u201d \u201eAm 9. April hat sich im Atomkraftwerk&#8230; <\/p>\n","protected":false},"author":1,"featured_media":0,"comment_status":"closed","ping_status":"closed","sticky":false,"template":"","format":"standard","meta":{"footnotes":""},"categories":[1,8],"tags":[],"class_list":["post-1308","post","type-post","status-publish","format-standard","hentry","category-allgemein","category-fessemheim"],"_links":{"self":[{"href":"http:\/\/www.gruene-muellheim-neuenburg.de\/up\/index.php?rest_route=\/wp\/v2\/posts\/1308","targetHints":{"allow":["GET"]}}],"collection":[{"href":"http:\/\/www.gruene-muellheim-neuenburg.de\/up\/index.php?rest_route=\/wp\/v2\/posts"}],"about":[{"href":"http:\/\/www.gruene-muellheim-neuenburg.de\/up\/index.php?rest_route=\/wp\/v2\/types\/post"}],"author":[{"embeddable":true,"href":"http:\/\/www.gruene-muellheim-neuenburg.de\/up\/index.php?rest_route=\/wp\/v2\/users\/1"}],"replies":[{"embeddable":true,"href":"http:\/\/www.gruene-muellheim-neuenburg.de\/up\/index.php?rest_route=%2Fwp%2Fv2%2Fcomments&post=1308"}],"version-history":[{"count":6,"href":"http:\/\/www.gruene-muellheim-neuenburg.de\/up\/index.php?rest_route=\/wp\/v2\/posts\/1308\/revisions"}],"predecessor-version":[{"id":1322,"href":"http:\/\/www.gruene-muellheim-neuenburg.de\/up\/index.php?rest_route=\/wp\/v2\/posts\/1308\/revisions\/1322"}],"wp:attachment":[{"href":"http:\/\/www.gruene-muellheim-neuenburg.de\/up\/index.php?rest_route=%2Fwp%2Fv2%2Fmedia&parent=1308"}],"wp:term":[{"taxonomy":"category","embeddable":true,"href":"http:\/\/www.gruene-muellheim-neuenburg.de\/up\/index.php?rest_route=%2Fwp%2Fv2%2Fcategories&post=1308"},{"taxonomy":"post_tag","embeddable":true,"href":"http:\/\/www.gruene-muellheim-neuenburg.de\/up\/index.php?rest_route=%2Fwp%2Fv2%2Ftags&post=1308"}],"curies":[{"name":"wp","href":"https:\/\/api.w.org\/{rel}","templated":true}]}}