{"id":1363,"date":"2015-01-02T18:41:11","date_gmt":"2015-01-02T16:41:11","guid":{"rendered":"http:\/\/www.gruene-muellheim-neuenburg.de\/up\/?p=1363"},"modified":"2018-07-10T16:55:20","modified_gmt":"2018-07-10T14:55:20","slug":"widerstand-in-concert-11-01-201512-00-uhr","status":"publish","type":"post","link":"http:\/\/www.gruene-muellheim-neuenburg.de\/up\/?p=1363","title":{"rendered":"Widerstand in Concert 11.01.2015,12.00 Uhr"},"content":{"rendered":"<p><a class=\"fancybox\" rel=\"gallery1363\" href=\"http:\/\/www.gruene-muellheim-neuenburg.de\/up\/wp-content\/uploads\/2015\/01\/Plakat-1.jpg\"><img loading=\"lazy\" decoding=\"async\" class=\"alignleft wp-image-1364\" src=\"http:\/\/www.gruene-muellheim-neuenburg.de\/up\/wp-content\/uploads\/2015\/01\/Plakat-1.jpg\" alt=\"Plakat-1\" width=\"151\" height=\"214\" srcset=\"http:\/\/www.gruene-muellheim-neuenburg.de\/up\/wp-content\/uploads\/2015\/01\/Plakat-1.jpg 871w, http:\/\/www.gruene-muellheim-neuenburg.de\/up\/wp-content\/uploads\/2015\/01\/Plakat-1-211x300.jpg 211w, http:\/\/www.gruene-muellheim-neuenburg.de\/up\/wp-content\/uploads\/2015\/01\/Plakat-1-722x1024.jpg 722w\" sizes=\"auto, (max-width: 151px) 100vw, 151px\" \/><\/a>Das deutsch-franz\u00f6sische \u201eAktionsb\u00fcndnis Fessenheim stilllegen. JETZT!\u201c l\u00e4dt ein zu \u201eWiderstand in Concert\u201c, am 11. Januar 2015, Beginn 12.00 Uhr auf dem Platz beim Maison de Energie in Fessenheim.<\/p>\n<p>Das Konzert wird bestritten von: der franz\u00f6sischen Gruppe \u201eLes Bure Haleur\u201c, dem S\u00e4nger und Songwriter Daniel Kiefer, dem S\u00e4nger und Liedermacher Theo Ziegler und \u201eWoGer\u201c, Wolfgang Gerbig, Liedermacher und S\u00e4nger aus dem Markgr\u00e4flerland.<\/p>\n<p>Mit dem bereits traditionellen Widerstandskonzert zum Neuen Jahr setzt die Anti-Atombewegung das deutliche Signal, \u201eder Widerstand geht auch im Neuen Jahr weiter, bis das AKW Fessenheim stillgelegt ist\u201c.<\/p>\n<p>Im Jahr 2015 wird die Entscheidung fallen, ob Pr\u00e4sident Hollande sich durchsetzt und die EDF das Atomkraftwerk Fessenheim tats\u00e4chlich stilllegen wird. Deshalb ist es besonders wichtig, dass viele Menschen durch Ihre Anwesenheit der Forderung nach der Stilllegung des AKW Fessenheim Ausdruck verleihen.<\/p>\n<p>F\u00fcr (hei\u00dfe) Getr\u00e4nke und Essen ist gesorgt, f\u00fcr aktuelle Informationen auch.<\/p>\n","protected":false},"excerpt":{"rendered":"<p>Das deutsch-franz\u00f6sische \u201eAktionsb\u00fcndnis Fessenheim stilllegen. JETZT!\u201c l\u00e4dt ein zu \u201eWiderstand in Concert\u201c, am 11. Januar 2015, Beginn 12.00 Uhr auf dem Platz beim Maison de Energie in Fessenheim. Das Konzert&#8230; <\/p>\n","protected":false},"author":1,"featured_media":0,"comment_status":"closed","ping_status":"closed","sticky":false,"template":"","format":"standard","meta":{"footnotes":""},"categories":[1,8],"tags":[],"class_list":["post-1363","post","type-post","status-publish","format-standard","hentry","category-allgemein","category-fessemheim"],"_links":{"self":[{"href":"http:\/\/www.gruene-muellheim-neuenburg.de\/up\/index.php?rest_route=\/wp\/v2\/posts\/1363","targetHints":{"allow":["GET"]}}],"collection":[{"href":"http:\/\/www.gruene-muellheim-neuenburg.de\/up\/index.php?rest_route=\/wp\/v2\/posts"}],"about":[{"href":"http:\/\/www.gruene-muellheim-neuenburg.de\/up\/index.php?rest_route=\/wp\/v2\/types\/post"}],"author":[{"embeddable":true,"href":"http:\/\/www.gruene-muellheim-neuenburg.de\/up\/index.php?rest_route=\/wp\/v2\/users\/1"}],"replies":[{"embeddable":true,"href":"http:\/\/www.gruene-muellheim-neuenburg.de\/up\/index.php?rest_route=%2Fwp%2Fv2%2Fcomments&post=1363"}],"version-history":[{"count":2,"href":"http:\/\/www.gruene-muellheim-neuenburg.de\/up\/index.php?rest_route=\/wp\/v2\/posts\/1363\/revisions"}],"predecessor-version":[{"id":1382,"href":"http:\/\/www.gruene-muellheim-neuenburg.de\/up\/index.php?rest_route=\/wp\/v2\/posts\/1363\/revisions\/1382"}],"wp:attachment":[{"href":"http:\/\/www.gruene-muellheim-neuenburg.de\/up\/index.php?rest_route=%2Fwp%2Fv2%2Fmedia&parent=1363"}],"wp:term":[{"taxonomy":"category","embeddable":true,"href":"http:\/\/www.gruene-muellheim-neuenburg.de\/up\/index.php?rest_route=%2Fwp%2Fv2%2Fcategories&post=1363"},{"taxonomy":"post_tag","embeddable":true,"href":"http:\/\/www.gruene-muellheim-neuenburg.de\/up\/index.php?rest_route=%2Fwp%2Fv2%2Ftags&post=1363"}],"curies":[{"name":"wp","href":"https:\/\/api.w.org\/{rel}","templated":true}]}}