{"id":2239,"date":"2018-02-01T23:42:12","date_gmt":"2018-02-01T21:42:12","guid":{"rendered":"http:\/\/www.gruene-muellheim-neuenburg.de\/up\/?p=2239"},"modified":"2018-07-10T16:54:31","modified_gmt":"2018-07-10T14:54:31","slug":"einladung-zu-widerstand-in-concert","status":"publish","type":"post","link":"http:\/\/www.gruene-muellheim-neuenburg.de\/up\/?p=2239","title":{"rendered":"Einladung zu Widerstand in Concert"},"content":{"rendered":"<p><strong>&#8222;Widerstand in Concert\u201c, am Sonntag, den 4. Februar 2018, 13:00 Uhr findet <\/strong><span style=\"text-decoration: underline;\"><strong>auf dem Parkplatz auf der deutschen Seite der Rheinbr\u00fccke Hartheim-Fessenheim statt.<\/strong> <\/span><img loading=\"lazy\" decoding=\"async\" class=\"alignright wp-image-2240\" src=\"http:\/\/www.gruene-muellheim-neuenburg.de\/up\/wp-content\/uploads\/2018\/02\/Widerstand-in-Concert.jpg\" alt=\"Widerstand in Concert\" width=\"127\" height=\"179\" srcset=\"http:\/\/www.gruene-muellheim-neuenburg.de\/up\/wp-content\/uploads\/2018\/02\/Widerstand-in-Concert.jpg 1137w, http:\/\/www.gruene-muellheim-neuenburg.de\/up\/wp-content\/uploads\/2018\/02\/Widerstand-in-Concert-213x300.jpg 213w, http:\/\/www.gruene-muellheim-neuenburg.de\/up\/wp-content\/uploads\/2018\/02\/Widerstand-in-Concert-727x1024.jpg 727w\" sizes=\"auto, (max-width: 127px) 100vw, 127px\" \/><\/p>\n<p>Der Veranstaltungsort musste leider verlegt werden. Die Pr\u00e4fecture in Colmar hat die Genehmigung f\u00fcr den Platz beim Maison de l\u00b4\u00e9nergie verweigert, da die EDF ihr o.k. dazu nicht gegeben hat (das gesamte Gel\u00e4nde entlang des Rheins geh\u00f6rt formal der EDF). Begr\u00fcndet wurde die Ablehnung mit der Sorge um die Sicherheit, da die Belegschaft des AKW Fessenheim sehr aufgeregt sei. Wir sagen dazu: &#8222;Anstatt den Widerstand zu behindern soll die EDF endlich den Antrag auf Stilllegung des AKW Fessenheim stellen. Die EDF k\u00f6nnte am Standtort Fessenheim auch zukunftsf\u00e4hige Arbeitspl\u00e4tze im Bereich erneuerbare Energien schaffen und der Belegschaft somit Zukunfts\u00e4ngste nehmen. Wir sehen unsere Sicherheit durch das alte, marode und unsichere Atomkraftwerk bedroht und nicht durch die dort arbeitenden Menschen.\u00a0 Der Widerstand wird weitergehen bis das AKW Fessenheim endg\u00fcltig stillgelegt ist&#8220;.<\/p>\n<p>Ende 2018 soll das AKW stillgelegt werden &#8211; oder einige Zeit danach &#8211; oder doch erst ???\u00a0 Nichts ist sicher, wenn es um Atomkraft geht.<\/p>\n<p><span style=\"text-decoration: underline;\">Darum am Sonntag bei &#8222;Widerstand in Concert&#8220; dabei sein und Position beziehen. \u00a0<\/span>\u00a0 s. auch: <a href=\"http:\/\/www.gruene-muellheim-neuenburg.de\/up\/wp-content\/uploads\/2018\/02\/Einladung-und-Info.pdf\">Einladung und Info<\/a><\/p>\n","protected":false},"excerpt":{"rendered":"<p>&#8222;Widerstand in Concert\u201c, am Sonntag, den 4. Februar 2018, 13:00 Uhr findet auf dem Parkplatz auf der deutschen Seite der Rheinbr\u00fccke Hartheim-Fessenheim statt. Der Veranstaltungsort musste leider verlegt werden. Die&#8230; <\/p>\n","protected":false},"author":1,"featured_media":0,"comment_status":"closed","ping_status":"closed","sticky":false,"template":"","format":"standard","meta":{"footnotes":""},"categories":[1,8],"tags":[],"class_list":["post-2239","post","type-post","status-publish","format-standard","hentry","category-allgemein","category-fessemheim"],"_links":{"self":[{"href":"http:\/\/www.gruene-muellheim-neuenburg.de\/up\/index.php?rest_route=\/wp\/v2\/posts\/2239","targetHints":{"allow":["GET"]}}],"collection":[{"href":"http:\/\/www.gruene-muellheim-neuenburg.de\/up\/index.php?rest_route=\/wp\/v2\/posts"}],"about":[{"href":"http:\/\/www.gruene-muellheim-neuenburg.de\/up\/index.php?rest_route=\/wp\/v2\/types\/post"}],"author":[{"embeddable":true,"href":"http:\/\/www.gruene-muellheim-neuenburg.de\/up\/index.php?rest_route=\/wp\/v2\/users\/1"}],"replies":[{"embeddable":true,"href":"http:\/\/www.gruene-muellheim-neuenburg.de\/up\/index.php?rest_route=%2Fwp%2Fv2%2Fcomments&post=2239"}],"version-history":[{"count":4,"href":"http:\/\/www.gruene-muellheim-neuenburg.de\/up\/index.php?rest_route=\/wp\/v2\/posts\/2239\/revisions"}],"predecessor-version":[{"id":2245,"href":"http:\/\/www.gruene-muellheim-neuenburg.de\/up\/index.php?rest_route=\/wp\/v2\/posts\/2239\/revisions\/2245"}],"wp:attachment":[{"href":"http:\/\/www.gruene-muellheim-neuenburg.de\/up\/index.php?rest_route=%2Fwp%2Fv2%2Fmedia&parent=2239"}],"wp:term":[{"taxonomy":"category","embeddable":true,"href":"http:\/\/www.gruene-muellheim-neuenburg.de\/up\/index.php?rest_route=%2Fwp%2Fv2%2Fcategories&post=2239"},{"taxonomy":"post_tag","embeddable":true,"href":"http:\/\/www.gruene-muellheim-neuenburg.de\/up\/index.php?rest_route=%2Fwp%2Fv2%2Ftags&post=2239"}],"curies":[{"name":"wp","href":"https:\/\/api.w.org\/{rel}","templated":true}]}}