{"id":2636,"date":"2019-04-10T11:48:39","date_gmt":"2019-04-10T09:48:39","guid":{"rendered":"http:\/\/www.gruene-muellheim-neuenburg.de\/up\/?p=2636"},"modified":"2019-04-28T12:19:36","modified_gmt":"2019-04-28T10:19:36","slug":"informationsgespraech-zu-akw-fessenheim-und-stocamine","status":"publish","type":"post","link":"http:\/\/www.gruene-muellheim-neuenburg.de\/up\/?p=2636","title":{"rendered":"16. 04. Informationsgespr\u00e4ch zu AKW Fessenheim und Stocamine"},"content":{"rendered":"<p><strong>AKW Fessenheim &#8211; <\/strong>Stilllegung und m\u00f6gliche Folgeeinrichtungen<img loading=\"lazy\" decoding=\"async\" class=\"alignright wp-image-2637\" src=\"http:\/\/www.gruene-muellheim-neuenburg.de\/up\/wp-content\/uploads\/2019\/04\/20130513_151708-001.jpg\" alt=\"20130513_151708-001\" width=\"398\" height=\"262\" srcset=\"http:\/\/www.gruene-muellheim-neuenburg.de\/up\/wp-content\/uploads\/2019\/04\/20130513_151708-001.jpg 1692w, http:\/\/www.gruene-muellheim-neuenburg.de\/up\/wp-content\/uploads\/2019\/04\/20130513_151708-001-400x263.jpg 400w, http:\/\/www.gruene-muellheim-neuenburg.de\/up\/wp-content\/uploads\/2019\/04\/20130513_151708-001-800x526.jpg 800w, http:\/\/www.gruene-muellheim-neuenburg.de\/up\/wp-content\/uploads\/2019\/04\/20130513_151708-001-150x98.jpg 150w\" sizes=\"auto, (max-width: 398px) 100vw, 398px\" \/><\/p>\n<p><strong>Giftm\u00fclldeponie STOCAMINE<\/strong>&#8211; das Problem mit dem eingelagerten Sonderm\u00fcll<\/p>\n<p><strong>mit:<\/strong><\/p>\n<p><strong>Suzy Rousselot, <\/strong>Les Verts Alsace u. Destocamine<\/p>\n<p><strong>Philippe Aullen, <\/strong>Les Verts Alsace u. Destocamine<\/p>\n<p><strong>Sybille Gaertner, <\/strong>Destocamine<\/p>\n<p><strong>Am Dienstag, 16. April 2019, 19.00 Uhr, Im Hotel Stadthaus in M\u00fcllheim am Marktplatz<\/strong><\/p>\n<p>Suzy Rousselot und Philippe Aullen engagieren sich seit\u00a0vielen Jahren f\u00fcr die Stilllegung des AKW Fessenheim und sind in der B\u00fcrgerinitiative DESTOCAMIE aktiv.<\/p>\n<p>&nbsp;<\/p>\n","protected":false},"excerpt":{"rendered":"<p>AKW Fessenheim &#8211; Stilllegung und m\u00f6gliche Folgeeinrichtungen Giftm\u00fclldeponie STOCAMINE&#8211; das Problem mit dem eingelagerten Sonderm\u00fcll mit: Suzy Rousselot, Les Verts Alsace u. Destocamine Philippe Aullen, Les Verts Alsace u. Destocamine&#8230; <\/p>\n","protected":false},"author":1,"featured_media":0,"comment_status":"closed","ping_status":"closed","sticky":true,"template":"","format":"standard","meta":{"footnotes":""},"categories":[1,8],"tags":[14,55,56],"class_list":["post-2636","post","type-post","status-publish","format-standard","hentry","category-allgemein","category-fessemheim","tag-fessenheim","tag-giftmuell","tag-stocamine"],"_links":{"self":[{"href":"http:\/\/www.gruene-muellheim-neuenburg.de\/up\/index.php?rest_route=\/wp\/v2\/posts\/2636","targetHints":{"allow":["GET"]}}],"collection":[{"href":"http:\/\/www.gruene-muellheim-neuenburg.de\/up\/index.php?rest_route=\/wp\/v2\/posts"}],"about":[{"href":"http:\/\/www.gruene-muellheim-neuenburg.de\/up\/index.php?rest_route=\/wp\/v2\/types\/post"}],"author":[{"embeddable":true,"href":"http:\/\/www.gruene-muellheim-neuenburg.de\/up\/index.php?rest_route=\/wp\/v2\/users\/1"}],"replies":[{"embeddable":true,"href":"http:\/\/www.gruene-muellheim-neuenburg.de\/up\/index.php?rest_route=%2Fwp%2Fv2%2Fcomments&post=2636"}],"version-history":[{"count":6,"href":"http:\/\/www.gruene-muellheim-neuenburg.de\/up\/index.php?rest_route=\/wp\/v2\/posts\/2636\/revisions"}],"predecessor-version":[{"id":2663,"href":"http:\/\/www.gruene-muellheim-neuenburg.de\/up\/index.php?rest_route=\/wp\/v2\/posts\/2636\/revisions\/2663"}],"wp:attachment":[{"href":"http:\/\/www.gruene-muellheim-neuenburg.de\/up\/index.php?rest_route=%2Fwp%2Fv2%2Fmedia&parent=2636"}],"wp:term":[{"taxonomy":"category","embeddable":true,"href":"http:\/\/www.gruene-muellheim-neuenburg.de\/up\/index.php?rest_route=%2Fwp%2Fv2%2Fcategories&post=2636"},{"taxonomy":"post_tag","embeddable":true,"href":"http:\/\/www.gruene-muellheim-neuenburg.de\/up\/index.php?rest_route=%2Fwp%2Fv2%2Ftags&post=2636"}],"curies":[{"name":"wp","href":"https:\/\/api.w.org\/{rel}","templated":true}]}}