{"id":2833,"date":"2019-11-07T23:29:22","date_gmt":"2019-11-07T21:29:22","guid":{"rendered":"http:\/\/www.gruene-muellheim-neuenburg.de\/up\/?p=2833"},"modified":"2019-11-07T23:29:22","modified_gmt":"2019-11-07T21:29:22","slug":"schweigemarsch-am-9-november-17-00-uhr-in-muellheim","status":"publish","type":"post","link":"http:\/\/www.gruene-muellheim-neuenburg.de\/up\/?p=2833","title":{"rendered":"Schweigemarsch am 9. November 17.00 Uhr in M\u00fcllheim"},"content":{"rendered":"<p>PRESSEMITTEILUNG<\/p>\n<p><strong>Schweigemarsch gegen Hass und Gewalt und gegen das Vergessen<\/strong><\/p>\n<p><a class=\"fancybox\" rel=\"gallery2833\" href=\"http:\/\/www.gruene-muellheim-neuenburg.de\/up\/wp-content\/uploads\/2019\/11\/20141109_180718.jpg\"><img loading=\"lazy\" decoding=\"async\" class=\"alignleft wp-image-2834\" src=\"http:\/\/www.gruene-muellheim-neuenburg.de\/up\/wp-content\/uploads\/2019\/11\/20141109_180718.jpg\" alt=\"20141109_180718\" width=\"203\" height=\"258\" srcset=\"http:\/\/www.gruene-muellheim-neuenburg.de\/up\/wp-content\/uploads\/2019\/11\/20141109_180718.jpg 1258w, http:\/\/www.gruene-muellheim-neuenburg.de\/up\/wp-content\/uploads\/2019\/11\/20141109_180718-400x508.jpg 400w, http:\/\/www.gruene-muellheim-neuenburg.de\/up\/wp-content\/uploads\/2019\/11\/20141109_180718-800x1017.jpg 800w, http:\/\/www.gruene-muellheim-neuenburg.de\/up\/wp-content\/uploads\/2019\/11\/20141109_180718-117x150.jpg 117w\" sizes=\"auto, (max-width: 203px) 100vw, 203px\" \/><\/a> Jedes Jahr am 9. November findet in M\u00fcllheim, wie in vielen anderen St\u00e4dten, ein Schweigemarsch statt, zum Gedenken und zum Erinnern an die Verbrechen des Nationalsozialismus und die Pogrome gegen die J\u00fcdische Bev\u00f6lkerung in der Nacht vom 9. auf den 10. November 1938.<\/p>\n<p><strong>Wir hoffen, dass sehr viele Menschen in M\u00fcllheim und Umgebung an dem vom Friedensrat Markgr\u00e4flerland organisierten Schweigemarsch teilnehmen, der am 9. November, um 17.00 Uhr vor der Ev. Kirche in M\u00fcllheim beginnt und zum Denkmal am Platz der ehemaligen M\u00fcllheimer Synagoge f\u00fchrt. Lasst uns zusammen stehen und gemeinsam ein Zeichen setzen gegen rechte Hetze, Rassismus, Ausgrenzung, Verfolgung, Hass und Gewalt und gegen das Vergessen.<\/strong><\/p>\n<p>Mit dem Erstarken rechter und nationalistischer Parteien und Gruppierungen bekommt die Botschaft der Schweigem\u00e4rsche noch einmal eine zus\u00e4tzliche wichtige Bedeutung. Zu dem Gedenken und Erinnern kommt die Warnung vor falschen Botschaften und neuen Feindbildern. Vor diesem Hintergrund ist es noch wichtiger, die Erinnerung wach zu halten, an das\u00a0 unendliche Leid, die Ungerechtigkeit und Menschenverachtung zu denen rassistische Hetze f\u00fchren kann und zu welchen Verbrechen Menschen f\u00e4hig sind, die sich davon verf\u00fchren lassen.<\/p>\n<p>Die Schweigem\u00e4rsche setzen eine klare Botschaft f\u00fcr Toleranz, gegenseitige Wertsch\u00e4tzung und ein friedliches Miteinander ungeachtet der Religion, Herkunft, Abstammung, Hautfarbe, sexueller Orientierung oder sozialer Stellung und gegen Gewalt, Fremdenfeindlichkeit und Ausgrenzung.<a class=\"fancybox\" rel=\"gallery2833\" href=\"http:\/\/www.gruene-muellheim-neuenburg.de\/up\/wp-content\/uploads\/2019\/11\/IMG_1707.jpg\"><img loading=\"lazy\" decoding=\"async\" class=\"alignright wp-image-2835\" src=\"http:\/\/www.gruene-muellheim-neuenburg.de\/up\/wp-content\/uploads\/2019\/11\/IMG_1707.jpg\" alt=\"IMG_1707\" width=\"350\" height=\"263\" srcset=\"http:\/\/www.gruene-muellheim-neuenburg.de\/up\/wp-content\/uploads\/2019\/11\/IMG_1707.jpg 1600w, http:\/\/www.gruene-muellheim-neuenburg.de\/up\/wp-content\/uploads\/2019\/11\/IMG_1707-400x300.jpg 400w, http:\/\/www.gruene-muellheim-neuenburg.de\/up\/wp-content\/uploads\/2019\/11\/IMG_1707-800x600.jpg 800w, http:\/\/www.gruene-muellheim-neuenburg.de\/up\/wp-content\/uploads\/2019\/11\/IMG_1707-150x112.jpg 150w\" sizes=\"auto, (max-width: 350px) 100vw, 350px\" \/><\/a><\/p>\n<p>Es gibt in M\u00fcllheim nur noch wenige sichtbare Zeugnisse, die an die j\u00fcdischen Mitmenschen und die j\u00fcdische Gemeinde erinnert. Die Synagoge wurde bedauerlicherweise in den 60er-Jahren ohne Not abgerissen und in der M\u00fcllheimer Stadtchronik wird die schreckliche Zeit des dritten Reiches nur kurz gestreift. Es sind die Stolpersteine und ein letztes kleines, dem Zerfall preis gegebenes ehemals j\u00fcdisches Haus an der Werderstra\u00dfe, die noch Zeugnis geben von M\u00fcllheimer B\u00fcrgerinnen und B\u00fcrgern, die Opfer eines rassistischen Wahns wurden. Es ist Aufgabe der Stadt, daf\u00fcr zu sorgen, dass dieses letzte Zeugnis erhalten wird. Das kleine Haus k\u00f6nnte zu einer St\u00e4tte des Dialogs und des Erinnerns werden. In der M\u00fcllheimer Chronik ist wenig zu finden \u00fcber die Ereignisse in M\u00fcllheim w\u00e4hrend der Zeit des Dritten Reiches und den ersten Jahren danach.<\/p>\n<p>&nbsp;<\/p>\n","protected":false},"excerpt":{"rendered":"<p>PRESSEMITTEILUNG Schweigemarsch gegen Hass und Gewalt und gegen das Vergessen Jedes Jahr am 9. November findet in M\u00fcllheim, wie in vielen anderen St\u00e4dten, ein Schweigemarsch statt, zum Gedenken und zum&#8230; <\/p>\n","protected":false},"author":1,"featured_media":0,"comment_status":"closed","ping_status":"closed","sticky":true,"template":"","format":"standard","meta":{"footnotes":""},"categories":[1,77],"tags":[83,86,85,81,80,118,78,84,82,79],"class_list":["post-2833","post","type-post","status-publish","format-standard","hentry","category-allgemein","category-menschenrechte","tag-9-novmerber","tag-erinneren","tag-gedenken","tag-gewalt","tag-hass","tag-menschenrechte","tag-rassismus","tag-schweigemarsch","tag-synagoge","tag-verfolgung"],"_links":{"self":[{"href":"http:\/\/www.gruene-muellheim-neuenburg.de\/up\/index.php?rest_route=\/wp\/v2\/posts\/2833","targetHints":{"allow":["GET"]}}],"collection":[{"href":"http:\/\/www.gruene-muellheim-neuenburg.de\/up\/index.php?rest_route=\/wp\/v2\/posts"}],"about":[{"href":"http:\/\/www.gruene-muellheim-neuenburg.de\/up\/index.php?rest_route=\/wp\/v2\/types\/post"}],"author":[{"embeddable":true,"href":"http:\/\/www.gruene-muellheim-neuenburg.de\/up\/index.php?rest_route=\/wp\/v2\/users\/1"}],"replies":[{"embeddable":true,"href":"http:\/\/www.gruene-muellheim-neuenburg.de\/up\/index.php?rest_route=%2Fwp%2Fv2%2Fcomments&post=2833"}],"version-history":[{"count":1,"href":"http:\/\/www.gruene-muellheim-neuenburg.de\/up\/index.php?rest_route=\/wp\/v2\/posts\/2833\/revisions"}],"predecessor-version":[{"id":2836,"href":"http:\/\/www.gruene-muellheim-neuenburg.de\/up\/index.php?rest_route=\/wp\/v2\/posts\/2833\/revisions\/2836"}],"wp:attachment":[{"href":"http:\/\/www.gruene-muellheim-neuenburg.de\/up\/index.php?rest_route=%2Fwp%2Fv2%2Fmedia&parent=2833"}],"wp:term":[{"taxonomy":"category","embeddable":true,"href":"http:\/\/www.gruene-muellheim-neuenburg.de\/up\/index.php?rest_route=%2Fwp%2Fv2%2Fcategories&post=2833"},{"taxonomy":"post_tag","embeddable":true,"href":"http:\/\/www.gruene-muellheim-neuenburg.de\/up\/index.php?rest_route=%2Fwp%2Fv2%2Ftags&post=2833"}],"curies":[{"name":"wp","href":"https:\/\/api.w.org\/{rel}","templated":true}]}}