{"id":2904,"date":"2020-02-21T22:47:56","date_gmt":"2020-02-21T20:47:56","guid":{"rendered":"http:\/\/www.gruene-muellheim-neuenburg.de\/up\/?p=2904"},"modified":"2020-02-21T22:48:33","modified_gmt":"2020-02-21T20:48:33","slug":"pm-das-aus-fuer-akw-fessenheim-hat-begonnen","status":"publish","type":"post","link":"http:\/\/www.gruene-muellheim-neuenburg.de\/up\/?p=2904","title":{"rendered":"PM &#8211; Das AUS f\u00fcr AKW Fessenheim hat begonnen"},"content":{"rendered":"<p><a class=\"fancybox\" rel=\"gallery2904\" href=\"http:\/\/www.gruene-muellheim-neuenburg.de\/up\/wp-content\/uploads\/2020\/02\/20151005_183948.jpg\"><img loading=\"lazy\" decoding=\"async\" class=\"alignleft wp-image-2906 \" src=\"http:\/\/www.gruene-muellheim-neuenburg.de\/up\/wp-content\/uploads\/2020\/02\/20151005_183948.jpg\" alt=\"20151005_183948\" width=\"236\" height=\"241\" srcset=\"http:\/\/www.gruene-muellheim-neuenburg.de\/up\/wp-content\/uploads\/2020\/02\/20151005_183948.jpg 629w, http:\/\/www.gruene-muellheim-neuenburg.de\/up\/wp-content\/uploads\/2020\/02\/20151005_183948-400x407.jpg 400w, http:\/\/www.gruene-muellheim-neuenburg.de\/up\/wp-content\/uploads\/2020\/02\/20151005_183948-147x150.jpg 147w\" sizes=\"auto, (max-width: 236px) 100vw, 236px\" \/><\/a>\u201eEndlich ist es soweit, die Stilllegung des Atomkraftwerks Fessenheim beginnt\u201c. Die Betriebsgenehmigungen f\u00fcr beide Bl\u00f6cke seien aufgehoben. F\u00fcr Block 1 sei am 22. Februar Schluss f\u00fcr Block 2 Ende Juni. Dann sei das Atomkraftwerk Fessenheim endg\u00fcltig stillgelegt. \u201eDas ist ein Erfolg des jahrzehntelangen Widerstandes der Anti-Atombewegung gegen das mit vielen Sicherheitsm\u00e4ngeln behafteten und mittlerweile technisch veraltete Atomkraftwerks. Die Stilllegung von Block 1 ist der erster gro\u00dfe Schritt f\u00fcr das endg\u00fcltige Aus des AKW Fessenheim\u201c, so Dora Pfeifer-Suger und Friedrich Ruesch, Vorstandsmitglieder des B\u00fcndnis 90 \/Die Gr\u00fcnen Ortsverbandes Markgr\u00e4flerland. \u201eEs ist auch h\u00f6chste Zeit. Die Stilllegung des 42 Jahre alten, maroden Atomkraftwerks h\u00e4tte aus Sicherheitsgr\u00fcnden schon l\u00e4ngst erfolgen m\u00fcssen. Wir hoffen sehr, dass Block 2 bis zu seiner Stilllegung im Juni ohne gravierende Zwischenf\u00e4lle durchh\u00e4lt\u201c.<\/p>\n<p>Auch nach der Stilllegung bleibe ein Restrisiko, so die Gr\u00fcnen. In den Reaktoren<img loading=\"lazy\" decoding=\"async\" class=\"alignright wp-image-2905\" src=\"http:\/\/www.gruene-muellheim-neuenburg.de\/up\/wp-content\/uploads\/2020\/02\/20130513_151708-001.jpg\" alt=\"20130513_151708-001\" width=\"416\" height=\"274\" srcset=\"http:\/\/www.gruene-muellheim-neuenburg.de\/up\/wp-content\/uploads\/2020\/02\/20130513_151708-001.jpg 1692w, http:\/\/www.gruene-muellheim-neuenburg.de\/up\/wp-content\/uploads\/2020\/02\/20130513_151708-001-400x263.jpg 400w, http:\/\/www.gruene-muellheim-neuenburg.de\/up\/wp-content\/uploads\/2020\/02\/20130513_151708-001-800x526.jpg 800w, http:\/\/www.gruene-muellheim-neuenburg.de\/up\/wp-content\/uploads\/2020\/02\/20130513_151708-001-150x98.jpg 150w\" sizes=\"auto, (max-width: 416px) 100vw, 416px\" \/> sei noch sehr viel Radioaktivit\u00e4t. Es sei nicht damit getan sie einfach vom Netz zu nehmen, die Anlagen m\u00fcssten weiter \u00fcberwacht und die K\u00fchlung sichergestellt werden. In den Brennelementebecken werde noch f\u00fcr mehrere Jahre sehr viel nukleares Material lagern. \u201eHier besteht weiterhin die Gefahr eines nuklearen Unfalls.\u201c<\/p>\n<p>\u201eWir freuen uns \u00fcber die Stilllegung von Block 1, machen aber auch deutlich, dass wir weiterhin wachsam sein werden\u201c. Bestimmte Nachr\u00fcstungen, z. B. bei der Notstromversorgung, seien trotz der Stilllegung notwendig. Zudem sei noch nicht gekl\u00e4rt, wie das Gel\u00e4nde zuk\u00fcnftig genutzt werden soll. Eines sei jedoch klar: neue nukleare Anlagen w\u00fcrden keinesfalls toleriert werden.<\/p>\n<p>\u201eDer Widerstand gegen die Risikotechnologie Atomkraft ist erst zu Ende, wenn das letzte Atomkraftwerk stillgelegt ist\u201c, so die Gr\u00fcnen. In Europa und auch in anderen Teilen der Welt seien noch viel zu viele und teilweise sehr alte und marode Atomkraftwerke in Betrieb.<\/p>\n","protected":false},"excerpt":{"rendered":"<p>\u201eEndlich ist es soweit, die Stilllegung des Atomkraftwerks Fessenheim beginnt\u201c. Die Betriebsgenehmigungen f\u00fcr beide Bl\u00f6cke seien aufgehoben. F\u00fcr Block 1 sei am 22. Februar Schluss f\u00fcr Block 2 Ende Juni&#8230;. <\/p>\n","protected":false},"author":1,"featured_media":0,"comment_status":"closed","ping_status":"closed","sticky":true,"template":"","format":"standard","meta":{"footnotes":""},"categories":[1,8],"tags":[14],"class_list":["post-2904","post","type-post","status-publish","format-standard","hentry","category-allgemein","category-fessemheim","tag-fessenheim"],"_links":{"self":[{"href":"http:\/\/www.gruene-muellheim-neuenburg.de\/up\/index.php?rest_route=\/wp\/v2\/posts\/2904","targetHints":{"allow":["GET"]}}],"collection":[{"href":"http:\/\/www.gruene-muellheim-neuenburg.de\/up\/index.php?rest_route=\/wp\/v2\/posts"}],"about":[{"href":"http:\/\/www.gruene-muellheim-neuenburg.de\/up\/index.php?rest_route=\/wp\/v2\/types\/post"}],"author":[{"embeddable":true,"href":"http:\/\/www.gruene-muellheim-neuenburg.de\/up\/index.php?rest_route=\/wp\/v2\/users\/1"}],"replies":[{"embeddable":true,"href":"http:\/\/www.gruene-muellheim-neuenburg.de\/up\/index.php?rest_route=%2Fwp%2Fv2%2Fcomments&post=2904"}],"version-history":[{"count":2,"href":"http:\/\/www.gruene-muellheim-neuenburg.de\/up\/index.php?rest_route=\/wp\/v2\/posts\/2904\/revisions"}],"predecessor-version":[{"id":2908,"href":"http:\/\/www.gruene-muellheim-neuenburg.de\/up\/index.php?rest_route=\/wp\/v2\/posts\/2904\/revisions\/2908"}],"wp:attachment":[{"href":"http:\/\/www.gruene-muellheim-neuenburg.de\/up\/index.php?rest_route=%2Fwp%2Fv2%2Fmedia&parent=2904"}],"wp:term":[{"taxonomy":"category","embeddable":true,"href":"http:\/\/www.gruene-muellheim-neuenburg.de\/up\/index.php?rest_route=%2Fwp%2Fv2%2Fcategories&post=2904"},{"taxonomy":"post_tag","embeddable":true,"href":"http:\/\/www.gruene-muellheim-neuenburg.de\/up\/index.php?rest_route=%2Fwp%2Fv2%2Ftags&post=2904"}],"curies":[{"name":"wp","href":"https:\/\/api.w.org\/{rel}","templated":true}]}}