{"id":2909,"date":"2020-02-21T22:57:47","date_gmt":"2020-02-21T20:57:47","guid":{"rendered":"http:\/\/www.gruene-muellheim-neuenburg.de\/up\/?p=2909"},"modified":"2020-02-21T23:00:07","modified_gmt":"2020-02-21T21:00:07","slug":"28-februar-19-00-uhr-musik-und-kultur-zur-stilllegung-von-block-1-akw-fessenheim","status":"publish","type":"post","link":"http:\/\/www.gruene-muellheim-neuenburg.de\/up\/?p=2909","title":{"rendered":"28. Februar, 19.00 Uhr Musik und Kultur zur Stilllegung von Block 1 AKW Fessenheim"},"content":{"rendered":"<p><strong>Einladung zu Musik, lesung usw. <img loading=\"lazy\" decoding=\"async\" class=\"alignright wp-image-2910\" src=\"http:\/\/www.gruene-muellheim-neuenburg.de\/up\/wp-content\/uploads\/2020\/02\/DAS-AUS-F\u00dcR-F.HEIM-I-28.2.020-MK-Mh-Plakat-FERTIG.3-J\u00fcH-11-2.gif\" alt=\"DAS AUS F\u00dcR F.HEIM I 28.2.020 MK Mh Plakat FERTIG.3 J\u00fcH 11-2\" width=\"333\" height=\"471\" \/><br \/>\n<\/strong><\/p>\n<p><strong>Freitag, 28. Februar 2020, 19.00 Uhr, In der Martinskirche in M\u00fcllheim<\/strong><\/p>\n<p>Eintritt frei. Einlass ab 18.30 Uhr<\/p>\n<p><strong>WOGER(M\u00fcllheim), Buki (Waldkirch), Thorsten Propeller(Neuenburg), Karl David &amp; Martin Lutz(Neuenburg),\u00a0 Daniel Kiefer(Kandern), Sann Liedke (Herbolzheim), Zweierpasch(Freiburg), Goschehobel (Elztal), Theo Ziegler &amp; Felix Hempel (<\/strong><strong>Algolsheim<\/strong><strong>\/M\u00fcllheim), Julia Heinecke(Freiburg), Anita Morasch(Freiburg).<\/strong><\/p>\n<p>Mit dem Konzert feiern wir die Stilllegung von Block 1 des Atomkraftwerkes Fessenheim. Ein Etappensieg im langj\u00e4hrigen Widerstand gegen das Atomkraftwerk. Der Widerstand geht bis in die 70er-Jahre zur\u00fcck. Nach der unvorstellbaren Atomkatastrophe in Fukushima am 12\/13 M\u00e4rz 2011 war der Protest gegen das marode Atomkraftwerk, das zudem in einem Erdbebengebiet steht wieder stark geworden.<\/p>\n<p>Mit dem Konzert wollen wir uns auch bedanken, bei allen aus Deutschland, Frankreich, der Schweiz, die mit uns die ganzen Jahre f\u00fcr eine Stilllegung dieses gef\u00e4hrlichen Atomkraftwerks eingesetzt haben.<\/p>\n<p>Es ist uns bewusst, die Stilllegung von Block 1 ist nur ein Etappensieg. Noch ist Block 2 in Betrieb. Er soll, Ende Juni stillgelegt werden.<\/p>\n<p>Mit dem Konzert wollen wir aber auch deutlich machen: wir sind wachsam, wir passen auf, wir lassen keine neuen Atomanlagen in Fessenheim zu, \u201eMir sin immer wieder do\u2026\u201c und wir bestehen auf einem endg\u00fcltigen Atomausstieg in Deutschland, in Europa, weltweit.<\/p>\n<p>Getr\u00e4nke gibt es vor Ort.<\/p>\n<p>Wir freuen uns auch Euer Kommen.<\/p>\n<p>&nbsp;<\/p>\n<p>&nbsp;<\/p>\n<p><strong>Aktionsb\u00fcndnis Fessenheim stilllegen. JETZT! <\/strong><strong><br \/>\n<\/strong><strong>AGUS Markgr\u00e4flerland e. V., Alsace Nature; BI Umweltschutz Staufen; B90\/ Die Gr\u00fcnen, OV Markgr\u00e4flerland; CSFR; DGB KV Markgr\u00e4flerland; Die Linke OV Markgr\u00e4flerland; Friedensrat Markgr\u00e4flerland; IPPNW; NABU OG M\u00fcllheim; SPD OV M\u00fcllheim<\/strong><\/p>\n","protected":false},"excerpt":{"rendered":"<p>Einladung zu Musik, lesung usw. Freitag, 28. Februar 2020, 19.00 Uhr, In der Martinskirche in M\u00fcllheim Eintritt frei. Einlass ab 18.30 Uhr WOGER(M\u00fcllheim), Buki (Waldkirch), Thorsten Propeller(Neuenburg), Karl David &amp;&#8230; <\/p>\n","protected":false},"author":1,"featured_media":0,"comment_status":"closed","ping_status":"closed","sticky":true,"template":"","format":"standard","meta":{"footnotes":""},"categories":[1,8],"tags":[102,14,101],"class_list":["post-2909","post","type-post","status-publish","format-standard","hentry","category-allgemein","category-fessemheim","tag-akw-fessenheim","tag-fessenheim","tag-stilllegung"],"_links":{"self":[{"href":"http:\/\/www.gruene-muellheim-neuenburg.de\/up\/index.php?rest_route=\/wp\/v2\/posts\/2909","targetHints":{"allow":["GET"]}}],"collection":[{"href":"http:\/\/www.gruene-muellheim-neuenburg.de\/up\/index.php?rest_route=\/wp\/v2\/posts"}],"about":[{"href":"http:\/\/www.gruene-muellheim-neuenburg.de\/up\/index.php?rest_route=\/wp\/v2\/types\/post"}],"author":[{"embeddable":true,"href":"http:\/\/www.gruene-muellheim-neuenburg.de\/up\/index.php?rest_route=\/wp\/v2\/users\/1"}],"replies":[{"embeddable":true,"href":"http:\/\/www.gruene-muellheim-neuenburg.de\/up\/index.php?rest_route=%2Fwp%2Fv2%2Fcomments&post=2909"}],"version-history":[{"count":3,"href":"http:\/\/www.gruene-muellheim-neuenburg.de\/up\/index.php?rest_route=\/wp\/v2\/posts\/2909\/revisions"}],"predecessor-version":[{"id":2913,"href":"http:\/\/www.gruene-muellheim-neuenburg.de\/up\/index.php?rest_route=\/wp\/v2\/posts\/2909\/revisions\/2913"}],"wp:attachment":[{"href":"http:\/\/www.gruene-muellheim-neuenburg.de\/up\/index.php?rest_route=%2Fwp%2Fv2%2Fmedia&parent=2909"}],"wp:term":[{"taxonomy":"category","embeddable":true,"href":"http:\/\/www.gruene-muellheim-neuenburg.de\/up\/index.php?rest_route=%2Fwp%2Fv2%2Fcategories&post=2909"},{"taxonomy":"post_tag","embeddable":true,"href":"http:\/\/www.gruene-muellheim-neuenburg.de\/up\/index.php?rest_route=%2Fwp%2Fv2%2Ftags&post=2909"}],"curies":[{"name":"wp","href":"https:\/\/api.w.org\/{rel}","templated":true}]}}