{"id":2923,"date":"2020-04-27T16:49:07","date_gmt":"2020-04-27T14:49:07","guid":{"rendered":"http:\/\/www.gruene-muellheim-neuenburg.de\/up\/?p=2923"},"modified":"2020-05-03T17:13:29","modified_gmt":"2020-05-03T15:13:29","slug":"34-jahre-nach-dem-super-gau-von-tschernobyl","status":"publish","type":"post","link":"http:\/\/www.gruene-muellheim-neuenburg.de\/up\/?p=2923","title":{"rendered":"34 Jahre nach dem Super-GAU von Tschernobyl"},"content":{"rendered":"<p>In der Nacht des 26 April 1986 explodierte im AKW Tschrenobyl der Reaktor 4. Unmengen an Radioaktivit\u00e4t wurden freigesetzt. An den Folge<img loading=\"lazy\" decoding=\"async\" class=\"alignright wp-image-2925\" src=\"http:\/\/www.gruene-muellheim-neuenburg.de\/up\/wp-content\/uploads\/2020\/05\/IMG_2497-001.jpg\" alt=\"IMG_2497-001\" width=\"520\" height=\"260\" srcset=\"http:\/\/www.gruene-muellheim-neuenburg.de\/up\/wp-content\/uploads\/2020\/05\/IMG_2497-001.jpg 1600w, http:\/\/www.gruene-muellheim-neuenburg.de\/up\/wp-content\/uploads\/2020\/05\/IMG_2497-001-400x200.jpg 400w, http:\/\/www.gruene-muellheim-neuenburg.de\/up\/wp-content\/uploads\/2020\/05\/IMG_2497-001-800x400.jpg 800w, http:\/\/www.gruene-muellheim-neuenburg.de\/up\/wp-content\/uploads\/2020\/05\/IMG_2497-001-150x75.jpg 150w\" sizes=\"auto, (max-width: 520px) 100vw, 520px\" \/>n der radiaktiven Strahlung starben zigtausende,vor allem angeh\u00f6rie der Feuerwehr und junge Rekruten, die zur Brandbek\u00e4mpfung eingesetzt wurden, aber auch Menschen, die im AKW arbeiteten oder in der n\u00e4heren Umgebunge lebten. Die Zahl der Todesopfer l\u00e4sst sich schwer genau beziffern. Nur gesch\u00e4tz<span class=\"text_exposed_show\">t werden kann die Zahl derer, die gesundheitliche Sch\u00e4den davon getragen haben und teilweise noch immer an den Folgen der Strahlung leiden. Die radioaktive Wolke ging um die Welt. Wo es regnete, wie auch bei uns, war der Regen radioaktiv. Salat, Gem\u00fcse aus dem Freiland, die Milch der K\u00fche, die frisches Gras gefressen hatten, alles war radioktiv belastet und musste vernichtet werden. Auch heute wird noch Radiaktivt\u00e4t z. B. in Pilzen nachgewiesen. Atomkraft ist gef\u00e4hrlich, die Folgen gro\u00dfer Unf\u00e4lle schrecklich. Deshalb: ein klares Nein zu Atomkraft<\/span><\/p>\n<p>Foto: Mahnwache in Zeiten von Corona<\/p>\n","protected":false},"excerpt":{"rendered":"<p>In der Nacht des 26 April 1986 explodierte im AKW Tschrenobyl der Reaktor 4. Unmengen an Radioaktivit\u00e4t wurden freigesetzt. An den Folgen der radiaktiven Strahlung starben zigtausende,vor allem angeh\u00f6rie der&#8230; <\/p>\n","protected":false},"author":1,"featured_media":0,"comment_status":"closed","ping_status":"closed","sticky":true,"template":"","format":"standard","meta":{"footnotes":""},"categories":[8,121],"tags":[64,105,89,106],"class_list":["post-2923","post","type-post","status-publish","format-standard","hentry","category-fessemheim","category-umwelt","tag-akw","tag-radioaktivitaet","tag-schadstoffe","tag-tschernobyl"],"_links":{"self":[{"href":"http:\/\/www.gruene-muellheim-neuenburg.de\/up\/index.php?rest_route=\/wp\/v2\/posts\/2923","targetHints":{"allow":["GET"]}}],"collection":[{"href":"http:\/\/www.gruene-muellheim-neuenburg.de\/up\/index.php?rest_route=\/wp\/v2\/posts"}],"about":[{"href":"http:\/\/www.gruene-muellheim-neuenburg.de\/up\/index.php?rest_route=\/wp\/v2\/types\/post"}],"author":[{"embeddable":true,"href":"http:\/\/www.gruene-muellheim-neuenburg.de\/up\/index.php?rest_route=\/wp\/v2\/users\/1"}],"replies":[{"embeddable":true,"href":"http:\/\/www.gruene-muellheim-neuenburg.de\/up\/index.php?rest_route=%2Fwp%2Fv2%2Fcomments&post=2923"}],"version-history":[{"count":2,"href":"http:\/\/www.gruene-muellheim-neuenburg.de\/up\/index.php?rest_route=\/wp\/v2\/posts\/2923\/revisions"}],"predecessor-version":[{"id":2927,"href":"http:\/\/www.gruene-muellheim-neuenburg.de\/up\/index.php?rest_route=\/wp\/v2\/posts\/2923\/revisions\/2927"}],"wp:attachment":[{"href":"http:\/\/www.gruene-muellheim-neuenburg.de\/up\/index.php?rest_route=%2Fwp%2Fv2%2Fmedia&parent=2923"}],"wp:term":[{"taxonomy":"category","embeddable":true,"href":"http:\/\/www.gruene-muellheim-neuenburg.de\/up\/index.php?rest_route=%2Fwp%2Fv2%2Fcategories&post=2923"},{"taxonomy":"post_tag","embeddable":true,"href":"http:\/\/www.gruene-muellheim-neuenburg.de\/up\/index.php?rest_route=%2Fwp%2Fv2%2Ftags&post=2923"}],"curies":[{"name":"wp","href":"https:\/\/api.w.org\/{rel}","templated":true}]}}