{"id":2943,"date":"2020-06-06T19:44:17","date_gmt":"2020-06-06T17:44:17","guid":{"rendered":"http:\/\/www.gruene-muellheim-neuenburg.de\/up\/?p=2943"},"modified":"2020-06-15T12:28:31","modified_gmt":"2020-06-15T10:28:31","slug":"falsche-entscheidung-stadt-muellheim-kuendigt-mitgliedschaft-beim-tras","status":"publish","type":"post","link":"http:\/\/www.gruene-muellheim-neuenburg.de\/up\/?p=2943","title":{"rendered":"Falsche Entscheidung:  Stadt M\u00fcllheim k\u00fcndigt Mitgliedschaft beim TRAS"},"content":{"rendered":"<p>Auf Antrag der Verwaltung hat eine Mehrheit des Gemeinderats beschlossen, die Mitgliedschaft beim <strong><a href=\"https:\/\/atomschutzverband.ch\/\" target=\"_blank\">Trinationalen Atomschutzverband (TRAS)<\/a><\/strong> zu k\u00fcndigen. Mit der Stilllegung des zweiten Reaktors Ende Juni sei die Mitgliedschaft nicht mehr notwendig, das Geld wolle man lieber sparen, so die Begr\u00fcndung.<\/p>\n<div id=\"attachment_2944\" class=\"wp-caption alignright\" style=\"width: 517px\"><a class=\"fancybox\" rel=\"gallery2943\" href=\"http:\/\/www.gruene-muellheim-neuenburg.de\/up\/wp-content\/uploads\/2020\/06\/20130513_151446-004.jpg\"><img loading=\"lazy\" decoding=\"async\" class=\"wp-image-2944\" src=\"http:\/\/www.gruene-muellheim-neuenburg.de\/up\/wp-content\/uploads\/2020\/06\/20130513_151446-004.jpg\" alt=\"20130513_151446-004\" width=\"517\" height=\"313\" srcset=\"http:\/\/www.gruene-muellheim-neuenburg.de\/up\/wp-content\/uploads\/2020\/06\/20130513_151446-004.jpg 1560w, http:\/\/www.gruene-muellheim-neuenburg.de\/up\/wp-content\/uploads\/2020\/06\/20130513_151446-004-400x242.jpg 400w, http:\/\/www.gruene-muellheim-neuenburg.de\/up\/wp-content\/uploads\/2020\/06\/20130513_151446-004-800x484.jpg 800w, http:\/\/www.gruene-muellheim-neuenburg.de\/up\/wp-content\/uploads\/2020\/06\/20130513_151446-004-150x90.jpg 150w\" sizes=\"auto, (max-width: 517px) 100vw, 517px\" \/><\/a><p class=\"wp-caption-text\">AKW Fessenheim. Gut zu erkennen die hellen K\u00e4sten vor den Reaktorbl\u00f6cken. Das sind die Abklingbecken f\u00fcr die Brennelemete. Sie liegen praktisch ungesch\u00fctzt direkt am Kanal<\/p><\/div>\n<p>Die Fraktion ALM\/GR\u00dcNE war damit nicht einverstanden. Dora Pfeifer-Suger sagte: &#8222;Es ist zu fr\u00fch die Mitgeliedschaft jetzt schon zu k\u00fcndigen.&#8220; Die nicht sicheren Abklingbecken f\u00fcr die Brennelement w\u00fcrden noch f\u00fcr einige Jahre in Fessenheim bleiben. Das bleibe ein Risiko, auch wenn nicht in dem Ausma\u00df wie es die beiden Reaktoren dargestellt h\u00e4tten. Es sei auch noch viel zu vieles unklar. Es sei noch v\u00f6llig offen, was zuk\u00fcnftig am Standort Fessenheim angesiedelt werden soll. Der von der edf und der franz\u00f6sischen Regierung ins Spiel gebrachte Technocenter sei immer noch in der Diskussion. Die Ansiedlung einer Anlage zum recyceln von radioaktiv kontaminierten Teilen k\u00f6nne leicht dazu f\u00fchren, dass Fessenheim zu einem nukleraren Zwischenlager werde. Jedenfalls sei die Gefahr gro\u00df, dass Fessenheim Atomstandort bleibe. Zudem seien die schweizer Uraltreaktoren nicht sehr weit weg. Ein GAU dort, w\u00fcrde auch M\u00fcllheim treffen.<\/p>\n<p>Leider konnten die Ratskolleginnen und -kollegen nicht \u00fcberzeugt werden. Die meisten folgten dem Vorschlag von B\u00fcrgermeister L\u00f6ffler und stimmten f\u00fcr die K\u00fcndigung. Lediglich SPD Stadtr\u00e4tin Myriam Egel und Christian Mees von der FWG stimmten mit unserer Fraktion gegen die K\u00fcndigung.\u00a0\u00a0 <strong><a href=\"https:\/\/www.verlagshaus-jaumann.de\/inhalt.muellheim-das-ziel-ist-erreicht.b97f6608-75dc-4c2e-b414-d861ded0c6eb.html\" target=\"_blank\">Die Oberbadische<\/a><\/strong><\/p>\n","protected":false},"excerpt":{"rendered":"<p>Auf Antrag der Verwaltung hat eine Mehrheit des Gemeinderats beschlossen, die Mitgliedschaft beim Trinationalen Atomschutzverband (TRAS) zu k\u00fcndigen. Mit der Stilllegung des zweiten Reaktors Ende Juni sei die Mitgliedschaft nicht&#8230; <\/p>\n","protected":false},"author":1,"featured_media":0,"comment_status":"closed","ping_status":"closed","sticky":true,"template":"","format":"standard","meta":{"footnotes":""},"categories":[1,8,4],"tags":[20,14,108,107],"class_list":["post-2943","post","type-post","status-publish","format-standard","hentry","category-allgemein","category-fessemheim","category-gruene","tag-almgruene","tag-fessenheim","tag-pfeifer-suger","tag-tras"],"_links":{"self":[{"href":"http:\/\/www.gruene-muellheim-neuenburg.de\/up\/index.php?rest_route=\/wp\/v2\/posts\/2943","targetHints":{"allow":["GET"]}}],"collection":[{"href":"http:\/\/www.gruene-muellheim-neuenburg.de\/up\/index.php?rest_route=\/wp\/v2\/posts"}],"about":[{"href":"http:\/\/www.gruene-muellheim-neuenburg.de\/up\/index.php?rest_route=\/wp\/v2\/types\/post"}],"author":[{"embeddable":true,"href":"http:\/\/www.gruene-muellheim-neuenburg.de\/up\/index.php?rest_route=\/wp\/v2\/users\/1"}],"replies":[{"embeddable":true,"href":"http:\/\/www.gruene-muellheim-neuenburg.de\/up\/index.php?rest_route=%2Fwp%2Fv2%2Fcomments&post=2943"}],"version-history":[{"count":4,"href":"http:\/\/www.gruene-muellheim-neuenburg.de\/up\/index.php?rest_route=\/wp\/v2\/posts\/2943\/revisions"}],"predecessor-version":[{"id":2956,"href":"http:\/\/www.gruene-muellheim-neuenburg.de\/up\/index.php?rest_route=\/wp\/v2\/posts\/2943\/revisions\/2956"}],"wp:attachment":[{"href":"http:\/\/www.gruene-muellheim-neuenburg.de\/up\/index.php?rest_route=%2Fwp%2Fv2%2Fmedia&parent=2943"}],"wp:term":[{"taxonomy":"category","embeddable":true,"href":"http:\/\/www.gruene-muellheim-neuenburg.de\/up\/index.php?rest_route=%2Fwp%2Fv2%2Fcategories&post=2943"},{"taxonomy":"post_tag","embeddable":true,"href":"http:\/\/www.gruene-muellheim-neuenburg.de\/up\/index.php?rest_route=%2Fwp%2Fv2%2Ftags&post=2943"}],"curies":[{"name":"wp","href":"https:\/\/api.w.org\/{rel}","templated":true}]}}