{"id":2958,"date":"2020-06-29T08:50:37","date_gmt":"2020-06-29T06:50:37","guid":{"rendered":"http:\/\/www.gruene-muellheim-neuenburg.de\/up\/?p=2958"},"modified":"2020-06-29T09:46:38","modified_gmt":"2020-06-29T07:46:38","slug":"pm-das-aus-fuer-das-akw-fessenheim","status":"publish","type":"post","link":"http:\/\/www.gruene-muellheim-neuenburg.de\/up\/?p=2958","title":{"rendered":"PM Das Aus f\u00fcr das AKW Fessenheim"},"content":{"rendered":"<p><strong><a class=\"fancybox\" rel=\"gallery2958\" href=\"http:\/\/www.gruene-muellheim-neuenburg.de\/up\/wp-content\/uploads\/2020\/06\/17275947482_e0caaf1d12_k.jpg\"><img loading=\"lazy\" decoding=\"async\" class=\"alignleft wp-image-2959\" src=\"http:\/\/www.gruene-muellheim-neuenburg.de\/up\/wp-content\/uploads\/2020\/06\/17275947482_e0caaf1d12_k.jpg\" alt=\"17275947482_e0caaf1d12_k\" width=\"242\" height=\"242\" srcset=\"http:\/\/www.gruene-muellheim-neuenburg.de\/up\/wp-content\/uploads\/2020\/06\/17275947482_e0caaf1d12_k.jpg 1600w, http:\/\/www.gruene-muellheim-neuenburg.de\/up\/wp-content\/uploads\/2020\/06\/17275947482_e0caaf1d12_k-150x150.jpg 150w, http:\/\/www.gruene-muellheim-neuenburg.de\/up\/wp-content\/uploads\/2020\/06\/17275947482_e0caaf1d12_k-400x400.jpg 400w, http:\/\/www.gruene-muellheim-neuenburg.de\/up\/wp-content\/uploads\/2020\/06\/17275947482_e0caaf1d12_k-800x800.jpg 800w\" sizes=\"auto, (max-width: 242px) 100vw, 242px\" \/><\/a><\/strong>Mit der endg\u00fcltigen Stilllegung des AKW Fessenheim hat die Anti-Atombewegung im Dreyeckland ein wichtiges Ziel erreicht. Das alte, marode und von Anbeginn an mit Sicherheitsproblemen behafteten Atomkraftwerk vor unserer Haust\u00fcr ist ab Montagabend 29. Juni stillgelegt.<\/p>\n<p>Ab jetzt steht am Oberrhein kein aktives Atomkraftwerke mehr. Es war ein langer Kampf bis zu diesem Erf<img loading=\"lazy\" decoding=\"async\" class=\"alignright wp-image-2906 \" src=\"http:\/\/www.gruene-muellheim-neuenburg.de\/up\/wp-content\/uploads\/2020\/02\/20151005_183948.jpg\" alt=\"20151005_183948\" width=\"259\" height=\"264\" srcset=\"http:\/\/www.gruene-muellheim-neuenburg.de\/up\/wp-content\/uploads\/2020\/02\/20151005_183948.jpg 629w, http:\/\/www.gruene-muellheim-neuenburg.de\/up\/wp-content\/uploads\/2020\/02\/20151005_183948-400x407.jpg 400w, http:\/\/www.gruene-muellheim-neuenburg.de\/up\/wp-content\/uploads\/2020\/02\/20151005_183948-147x150.jpg 147w\" sizes=\"auto, (max-width: 259px) 100vw, 259px\" \/>olg. Viele Menschen aus dem Dreyeckland-Frankreich-Deutschland-Schweiz haben \u00fcber mehr als vier Jahrzehnte hinweg gegen den Bau von Atomkraftwerken und f\u00fcr die Stilllegung des AKW Fessenheim gek\u00e4mpft. Die Pl\u00e4ne f\u00fcr Wyhl am Kaiserstuhl, Gerstheim in Frankreich und Kaiseraugst in der Schweiz konnten verhindert werden. Nur in Fessenheim wurden zwei von vier geplanten Reaktoren gebaut. Diese haben dann die Region f\u00fcr mehr als vier Jahrzehnte mit vielen Pannen und Schnellabschaltungen und mehreren sehr gef\u00e4hrlichen Zwischenf\u00e4llen in Atem gehalten.\u00a0 Viele Demonstrationen, Eingaben, Gespr\u00e4che, Verhandlungen und diplomatisches Geschick auf politischer Ebene waren notwendig, bis endlich das Ende f\u00fcr diese beiden alten und gef\u00e4hrlichen Reaktoren erreicht werden konnte.<\/p>\n<p>Der nach der Atomkatastrophe von Fukushima neu erstarkte Widerstand der Bev\u00f6lkerung auf beiden Seiten des Rheins hatte schlie\u00dflich auch bei der franz\u00f6sischen Regierung in Paris zu der Erkenntnis gef\u00fchrt, dass der Weiterbetrieb des AKW Fessenheim nicht mehr zu verantworten war. Mit der Gr\u00fcndung des Aktionsb\u00fcndnis \u201eFessenheim stilllegen. JETZT!\u201c im April 2011 wurden die Kr\u00e4fte der Atomgegnerinnen und \u2013gegner aus dem Markgr\u00e4flerland und dem Elsa\u00df geb\u00fcndelt, auch \u00fcber Parteigrenzen hinweg. Die gro\u00dfen Demonstrationen nach der Fukushima-Katastrophe bei Fessenheim sind vom \u201eAktionsb\u00fcndnis Fessenheim stilllegen. JETZT!\u201c initiiert und organisiert worden. Der Ortsverband Markgr\u00e4flerland, B\u00fcndnis 90\/Die GR\u00dcNEN geh\u00f6rt neben anderen Gruppierungen zum \u201eAktionsb\u00fcndnis Fessenheim stilllegen. JETZT!\u201c<\/p>\n<p>Die Stilllegung des AKW Fessenheim bedeutet nicht, dass wir jetzt die H\u00e4nde in den Scho\u00df legen k\u00f6nnen. Zum einen bleibt auch im AKW Fessenheim noch ein gewisses Restrisiko, denn in den Reaktoren befindet sich noch viel Radioaktivit\u00e4t und in den schlecht gesch\u00fctzten Abklingbecken f\u00fcr die Brennelemente wird noch f\u00fcr einige Jahre nukleares Material lagern. Die Abklingbecken m\u00fcssen jetzt sehr schnell sicherer gemacht werden. Vor allem die Notstromversorgung muss nachger\u00fcstet werden.<\/p>\n<p>Zudem sind noch viel zu viele, teilweise alte und unsichere Atomkraftwerke in Betrieb, in Frankreich, der Schweiz und weltweit. Auch diese gehen uns alle an, denn Radioaktivit\u00e4t kennt keine Grenzen. Die Atomtechnik ist gef\u00e4hrlich und nicht beherrschbar. Das hat uns sehr deutlich die Atomkatastrophe von Tschernobyl gezeigt, und 25 Jahre sp\u00e4ter die Katastrophe von Fukushima. <strong><a href=\"http:\/\/www.gruene-muellheim-neuenburg.de\/up\/wp-content\/uploads\/2020\/06\/PM-Das-Aus-f\u00fcr-AKW-Fessenheim.pdf\" target=\"_blank\">PM Das Aus f\u00fcr AKW Fessenheim<\/a><\/strong><\/p>\n","protected":false},"excerpt":{"rendered":"<p>Mit der endg\u00fcltigen Stilllegung des AKW Fessenheim hat die Anti-Atombewegung im Dreyeckland ein wichtiges Ziel erreicht. Das alte, marode und von Anbeginn an mit Sicherheitsproblemen behafteten Atomkraftwerk vor unserer Haust\u00fcr&#8230; <\/p>\n","protected":false},"author":1,"featured_media":0,"comment_status":"closed","ping_status":"closed","sticky":true,"template":"","format":"standard","meta":{"footnotes":""},"categories":[8],"tags":[64,14],"class_list":["post-2958","post","type-post","status-publish","format-standard","hentry","category-fessemheim","tag-akw","tag-fessenheim"],"_links":{"self":[{"href":"http:\/\/www.gruene-muellheim-neuenburg.de\/up\/index.php?rest_route=\/wp\/v2\/posts\/2958","targetHints":{"allow":["GET"]}}],"collection":[{"href":"http:\/\/www.gruene-muellheim-neuenburg.de\/up\/index.php?rest_route=\/wp\/v2\/posts"}],"about":[{"href":"http:\/\/www.gruene-muellheim-neuenburg.de\/up\/index.php?rest_route=\/wp\/v2\/types\/post"}],"author":[{"embeddable":true,"href":"http:\/\/www.gruene-muellheim-neuenburg.de\/up\/index.php?rest_route=\/wp\/v2\/users\/1"}],"replies":[{"embeddable":true,"href":"http:\/\/www.gruene-muellheim-neuenburg.de\/up\/index.php?rest_route=%2Fwp%2Fv2%2Fcomments&post=2958"}],"version-history":[{"count":1,"href":"http:\/\/www.gruene-muellheim-neuenburg.de\/up\/index.php?rest_route=\/wp\/v2\/posts\/2958\/revisions"}],"predecessor-version":[{"id":2961,"href":"http:\/\/www.gruene-muellheim-neuenburg.de\/up\/index.php?rest_route=\/wp\/v2\/posts\/2958\/revisions\/2961"}],"wp:attachment":[{"href":"http:\/\/www.gruene-muellheim-neuenburg.de\/up\/index.php?rest_route=%2Fwp%2Fv2%2Fmedia&parent=2958"}],"wp:term":[{"taxonomy":"category","embeddable":true,"href":"http:\/\/www.gruene-muellheim-neuenburg.de\/up\/index.php?rest_route=%2Fwp%2Fv2%2Fcategories&post=2958"},{"taxonomy":"post_tag","embeddable":true,"href":"http:\/\/www.gruene-muellheim-neuenburg.de\/up\/index.php?rest_route=%2Fwp%2Fv2%2Ftags&post=2958"}],"curies":[{"name":"wp","href":"https:\/\/api.w.org\/{rel}","templated":true}]}}