{"id":3083,"date":"2021-06-02T18:26:00","date_gmt":"2021-06-02T16:26:00","guid":{"rendered":"http:\/\/www.gruene-muellheim-neuenburg.de\/up\/?p=3083"},"modified":"2021-08-07T19:48:21","modified_gmt":"2021-08-07T17:48:21","slug":"ican-staedteappell-alm-gruene-und-spd-stellen-antrag","status":"publish","type":"post","link":"http:\/\/www.gruene-muellheim-neuenburg.de\/up\/?p=3083","title":{"rendered":"ICAN-St\u00e4dteappell &#8211;  ALM\/GR\u00dcNE und SPD stellen Antrag:"},"content":{"rendered":"\n<p><strong><em>\u201eUnsere Stadt M\u00fcllheim ist zutiefst besorgt \u00fcber die immense Bedrohung, die Atomwaffen f\u00fcr St\u00e4dte und Gemeinden auf der ganzen Welt darstellen. Wir sind fest \u00fcberzeugt, dass unsere Einwohner und Einwohnerinnen das Recht auf ein Leben frei von dieser Bedrohung haben. Jeder Einsatz von Atomwaffen, ob vors\u00e4tzlich oder versehentlich, w\u00fcrde katastrophale, weitreichende und lang anhaltende Folgen f\u00fcr Mensch und Umwelt nach sich ziehen. Daher begr\u00fc\u00dfen wir den von den Vereinten Nationen verabschiedeten Vertrag zum Verbot von Atomwaffen 2017 und fordern die Bundesregierung zu deren Beitritt auf\u201c.<\/em><\/strong>  <a href=\"http:\/\/www.gruene-muellheim-neuenburg.de\/up\/wp-content\/uploads\/2021\/06\/Antrag-Staedteappell-ICAN.pdf\">Antrag<\/a> <\/p>\n\n\n\n<p>Es liegt in unser aller Interesse, dass Atomwaffen aus der Welt verschwinden. Daher auch unser gemeinsamer Antrag mit der SPD an den Gemeinderat M\u00fcllheim, dem ICAN St\u00e4dteappell beizutreten. Eine Mehrheit des Gemeinderats hat dem Antrag zugestimmt. Ein Gesch\u00e4ftsordnungsantrag der CDU-Fraktion, den Tagesordnungspunkt abzusetzen, fand keine Mehrheit. <\/p>\n\n\n\n<p>Der Atomwaffenverbotsvertrag (AVV)\u00a0wurde am\u00a07. Juli 2017 in der UN-Vollversammlung von 122 der 193 Mitgliedsstaaten beschlossen. Am 12 Januar 2021 trat der AVV in Kraft, 90 Tage nachdem 51 Staaten diesen ratifiziert hatten.\u00a0Die Ratifizierung durch Deutschland, wie auch der anderen NATO-Staaten steht bis heute aus. Mit dem Appell wird die Bundesregierung aufgefordert, dem Vertrag beizutreten.<\/p>\n\n\n\n<p>Der Antrag wurde am 9. 06. 2021 mit 13 ja-Stimmen und 9 Enthaltungen angenommen \u00a0<a rel=\"noreferrer noopener\" href=\"https:\/\/www.badische-zeitung.de\/muellheim-unterstuetzt-ican-appell--202632094.html#embedcode\" data-type=\"URL\" data-id=\"https:\/\/www.badische-zeitung.de\/muellheim-unterstuetzt-ican-appell--202632094.html#embedcode\" target=\"_blank\">BZ 16.06.2021<\/a>.  <\/p>\n\n\n\n<p>Weitere Infos https:\/\/www.icanw.de\/ican-staedteappell\/<\/p>\n\n\n\n<figure class=\"wp-block-embed is-type-wp-embed is-provider-ican-deutschland wp-block-embed-ican-deutschland\"><div class=\"wp-block-embed__wrapper\">\n<blockquote class=\"wp-embedded-content\" data-secret=\"JdaTVriq5g\"><a href=\"https:\/\/www.icanw.de\/publikationen\/hintergrund-inkrafttreten-atomwaffenverbotsvertrag\/\">Hintergrund: Inkrafttreten Atomwaffenverbotsvertrag<\/a><\/blockquote><iframe loading=\"lazy\" class=\"wp-embedded-content\" sandbox=\"allow-scripts\" security=\"restricted\" style=\"position: absolute; clip: rect(1px, 1px, 1px, 1px);\" title=\"&#8222;Hintergrund: Inkrafttreten Atomwaffenverbotsvertrag&#8220; &#8212; ICAN Deutschland\" src=\"https:\/\/www.icanw.de\/publikationen\/hintergrund-inkrafttreten-atomwaffenverbotsvertrag\/embed\/#?secret=JdaTVriq5g\" data-secret=\"JdaTVriq5g\" width=\"600\" height=\"338\" frameborder=\"0\" marginwidth=\"0\" marginheight=\"0\" scrolling=\"no\"><\/iframe>\n<\/div><\/figure>\n\n\n\n<figure class=\"wp-block-gallery columns-0 is-cropped wp-block-gallery-1 is-layout-flex wp-block-gallery-is-layout-flex\"><ul class=\"blocks-gallery-grid\"><\/ul><\/figure>\n\n\n\n<p><\/p>\n\n\n\n<p><\/p>\n\n\n\n<p><\/p>\n\n\n\n<p><\/p>\n","protected":false},"excerpt":{"rendered":"<p>\u201eUnsere Stadt M\u00fcllheim ist zutiefst besorgt \u00fcber die immense Bedrohung, die Atomwaffen f\u00fcr St\u00e4dte und Gemeinden auf der ganzen Welt darstellen. Wir sind fest \u00fcberzeugt, dass unsere Einwohner und Einwohnerinnen&#8230; <\/p>\n","protected":false},"author":1,"featured_media":0,"comment_status":"closed","ping_status":"closed","sticky":true,"template":"","format":"standard","meta":{"footnotes":""},"categories":[1,4,77],"tags":[],"class_list":["post-3083","post","type-post","status-publish","format-standard","hentry","category-allgemein","category-gruene","category-menschenrechte"],"_links":{"self":[{"href":"http:\/\/www.gruene-muellheim-neuenburg.de\/up\/index.php?rest_route=\/wp\/v2\/posts\/3083","targetHints":{"allow":["GET"]}}],"collection":[{"href":"http:\/\/www.gruene-muellheim-neuenburg.de\/up\/index.php?rest_route=\/wp\/v2\/posts"}],"about":[{"href":"http:\/\/www.gruene-muellheim-neuenburg.de\/up\/index.php?rest_route=\/wp\/v2\/types\/post"}],"author":[{"embeddable":true,"href":"http:\/\/www.gruene-muellheim-neuenburg.de\/up\/index.php?rest_route=\/wp\/v2\/users\/1"}],"replies":[{"embeddable":true,"href":"http:\/\/www.gruene-muellheim-neuenburg.de\/up\/index.php?rest_route=%2Fwp%2Fv2%2Fcomments&post=3083"}],"version-history":[{"count":8,"href":"http:\/\/www.gruene-muellheim-neuenburg.de\/up\/index.php?rest_route=\/wp\/v2\/posts\/3083\/revisions"}],"predecessor-version":[{"id":3186,"href":"http:\/\/www.gruene-muellheim-neuenburg.de\/up\/index.php?rest_route=\/wp\/v2\/posts\/3083\/revisions\/3186"}],"wp:attachment":[{"href":"http:\/\/www.gruene-muellheim-neuenburg.de\/up\/index.php?rest_route=%2Fwp%2Fv2%2Fmedia&parent=3083"}],"wp:term":[{"taxonomy":"category","embeddable":true,"href":"http:\/\/www.gruene-muellheim-neuenburg.de\/up\/index.php?rest_route=%2Fwp%2Fv2%2Fcategories&post=3083"},{"taxonomy":"post_tag","embeddable":true,"href":"http:\/\/www.gruene-muellheim-neuenburg.de\/up\/index.php?rest_route=%2Fwp%2Fv2%2Ftags&post=3083"}],"curies":[{"name":"wp","href":"https:\/\/api.w.org\/{rel}","templated":true}]}}