{"id":3181,"date":"2021-08-07T19:50:51","date_gmt":"2021-08-07T17:50:51","guid":{"rendered":"http:\/\/www.gruene-muellheim-neuenburg.de\/up\/?p=3181"},"modified":"2021-08-08T15:32:14","modified_gmt":"2021-08-08T13:32:14","slug":"hiroshima-und-nagasaki-nicht-vergessen-gedenken-an-die-atombombenabwuerfe-am-6-und-9-august-1945","status":"publish","type":"post","link":"http:\/\/www.gruene-muellheim-neuenburg.de\/up\/?p=3181","title":{"rendered":"Hiroshima und Nagasaki nicht vergessen \u2013 Gedenken an die Atombombenabw\u00fcrfe am 6. Und 9. August 1945"},"content":{"rendered":"\n<p>Die Atombombenabw\u00fcrfe \u00fcber den Japanischen St\u00e4dte Hiroshima und Nagasaki haben unendliches Leid \u00fcber die Bev\u00f6lkerung gebracht. Das Leid der Opfer darf nicht vergessen werden.&nbsp;<\/p>\n\n\n\n<div class=\"wp-block-columns is-layout-flex wp-container-core-columns-is-layout-9d6595d7 wp-block-columns-is-layout-flex\">\n<div class=\"wp-block-column is-layout-flow wp-block-column-is-layout-flow\" style=\"flex-basis:100%\">\n<figure class=\"wp-block-image size-large is-resized\"><a class=\"fancybox\" rel=\"gallery3181\" href=\"http:\/\/www.gruene-muellheim-neuenburg.de\/up\/wp-content\/uploads\/2021\/08\/image.jpeg\"><img loading=\"lazy\" decoding=\"async\" src=\"http:\/\/www.gruene-muellheim-neuenburg.de\/up\/wp-content\/uploads\/2021\/08\/image.jpeg\" alt=\"\" class=\"wp-image-3192\" width=\"686\" height=\"515\" srcset=\"http:\/\/www.gruene-muellheim-neuenburg.de\/up\/wp-content\/uploads\/2021\/08\/image.jpeg 800w, http:\/\/www.gruene-muellheim-neuenburg.de\/up\/wp-content\/uploads\/2021\/08\/image-400x300.jpeg 400w, http:\/\/www.gruene-muellheim-neuenburg.de\/up\/wp-content\/uploads\/2021\/08\/image-768x576.jpeg 768w, http:\/\/www.gruene-muellheim-neuenburg.de\/up\/wp-content\/uploads\/2021\/08\/image-150x113.jpeg 150w\" sizes=\"auto, (max-width: 686px) 100vw, 686px\" \/><\/a><figcaption>Transparent Veranstaltung Friedensrat M\u00fcllheim 6. August 2021<\/figcaption><\/figure>\n<\/div>\n<\/div>\n\n\n\n<p>Hiroshima und Nagasaki mahnen:&nbsp;<\/p>\n\n\n\n<ul class=\"wp-block-list\"><li>Atomwaffen bedrohen die gesamte Menschheit.&nbsp; <\/li><li>Abr\u00fcsten statt Aufr\u00fcsten ist angesagt<\/li><li>Abr\u00fcstungsvertr\u00e4ge m\u00fcssen bestehen bleiben oder so sie gek\u00fcndigt wurden, neu verhandelt werden.&nbsp;<\/li><li>Wir wollen eine Welt ohne Atomwaffen.&nbsp;<\/li><li>Wir fordern die Bundesregierung auf, den Atomwaffenverbotsvertrag ratifizieren.&nbsp;<\/li><\/ul>\n\n\n\n<p>Der Atomwaffenverbotsvertrag (AVV) wurde 2017 in den Vereinten Nationen von 122 Staaten angenommen und trat am 22. Januar 2021 in Kraft.&nbsp;<\/p>\n\n\n\n<p>In der Gemeinderatssitzung vom 9. Juni beschloss der M\u00fcllheimer Gemeinderat,&nbsp;dem ICAN St\u00e4dteappell zur Unterst\u00fctzung des Vertrags zum Verbot von Atomwaffen beizutreten.&nbsp;<\/p>\n\n\n\n<p>Atomwaffen z\u00e4hlen zu den schlimmsten Massenvernichtungswaffen. Immer mehr Staaten haben in den letzten Jahrzehnten Atomwaffen entwickelt. Als Atomm\u00e4chte gelten neun Staaten: USA, Russland, Frankreich, England, China, Indien, Israel, Pakistan und Nordkorea.<\/p>\n\n\n\n<p>Die Gefahr eines Atomkriegs w\u00e4chst.&nbsp;<\/p>\n\n\n\n<p>Das vorhanden Atomwaffenarsenal reicht aus, um das Leben auf der Erde mehrfach zu vernichten.&nbsp;<\/p>\n\n\n\n<p>siehe auch:&nbsp;<\/p>\n\n\n\n<p><a href=\"https:\/\/www.gruene-bundestag.de\/themen\/sicherheitspolitik\/gedenken-an-atombombenabwuerfe\">htt<\/a><a href=\"https:\/\/www.gruene-bundestag.de\/themen\/sicherheitspolitik\/gedenken-an-atombombenabwuerfe\" target=\"_blank\" rel=\"noreferrer noopener\">ps:\/\/www.gruene-bundestag.de\/themen\/sicherheitspolitik\/gedenken-an-atombombenabwuerfe<\/a><\/p>\n\n\n\n<p><a href=\"https:\/\/www.un.org\/Depts\/german\/conf\/a-conf-229-17-8.pdf\">https:\/\/www.un.org\/Depts\/german\/conf\/a-conf-229-17-8.pdf<\/a><\/p>\n\n\n\n<p><a href=\"https:\/\/www.icanw.de\/wp-content\/uploads\/2020\/10\/20-10-23_AVV_Inkrafttreten.pdf\" target=\"_blank\" rel=\"noreferrer noopener\">https:\/\/www.icanw.de\/wp-content\/uploads\/2020\/10\/20-10-23_AVV_Inkrafttreten.pdf<\/a><\/p>\n\n\n\n\n\n<p><\/p>\n","protected":false},"excerpt":{"rendered":"<p>Die Atombombenabw\u00fcrfe \u00fcber den Japanischen St\u00e4dte Hiroshima und Nagasaki haben unendliches Leid \u00fcber die Bev\u00f6lkerung gebracht. Das Leid der Opfer darf nicht vergessen werden.&nbsp; Hiroshima und Nagasaki mahnen:&nbsp; Atomwaffen bedrohen&#8230; <\/p>\n","protected":false},"author":1,"featured_media":3192,"comment_status":"closed","ping_status":"closed","sticky":true,"template":"","format":"standard","meta":{"footnotes":""},"categories":[1,77],"tags":[130],"class_list":["post-3181","post","type-post","status-publish","format-standard","has-post-thumbnail","hentry","category-allgemein","category-menschenrechte","tag-atomkrieg"],"_links":{"self":[{"href":"http:\/\/www.gruene-muellheim-neuenburg.de\/up\/index.php?rest_route=\/wp\/v2\/posts\/3181","targetHints":{"allow":["GET"]}}],"collection":[{"href":"http:\/\/www.gruene-muellheim-neuenburg.de\/up\/index.php?rest_route=\/wp\/v2\/posts"}],"about":[{"href":"http:\/\/www.gruene-muellheim-neuenburg.de\/up\/index.php?rest_route=\/wp\/v2\/types\/post"}],"author":[{"embeddable":true,"href":"http:\/\/www.gruene-muellheim-neuenburg.de\/up\/index.php?rest_route=\/wp\/v2\/users\/1"}],"replies":[{"embeddable":true,"href":"http:\/\/www.gruene-muellheim-neuenburg.de\/up\/index.php?rest_route=%2Fwp%2Fv2%2Fcomments&post=3181"}],"version-history":[{"count":4,"href":"http:\/\/www.gruene-muellheim-neuenburg.de\/up\/index.php?rest_route=\/wp\/v2\/posts\/3181\/revisions"}],"predecessor-version":[{"id":3194,"href":"http:\/\/www.gruene-muellheim-neuenburg.de\/up\/index.php?rest_route=\/wp\/v2\/posts\/3181\/revisions\/3194"}],"wp:featuredmedia":[{"embeddable":true,"href":"http:\/\/www.gruene-muellheim-neuenburg.de\/up\/index.php?rest_route=\/wp\/v2\/media\/3192"}],"wp:attachment":[{"href":"http:\/\/www.gruene-muellheim-neuenburg.de\/up\/index.php?rest_route=%2Fwp%2Fv2%2Fmedia&parent=3181"}],"wp:term":[{"taxonomy":"category","embeddable":true,"href":"http:\/\/www.gruene-muellheim-neuenburg.de\/up\/index.php?rest_route=%2Fwp%2Fv2%2Fcategories&post=3181"},{"taxonomy":"post_tag","embeddable":true,"href":"http:\/\/www.gruene-muellheim-neuenburg.de\/up\/index.php?rest_route=%2Fwp%2Fv2%2Ftags&post=3181"}],"curies":[{"name":"wp","href":"https:\/\/api.w.org\/{rel}","templated":true}]}}