{"id":3227,"date":"2021-09-09T10:31:00","date_gmt":"2021-09-09T08:31:00","guid":{"rendered":"http:\/\/www.gruene-muellheim-neuenburg.de\/up\/?p=3227"},"modified":"2021-09-24T18:20:53","modified_gmt":"2021-09-24T16:20:53","slug":"einladung-zur-gruenen-buehne-am-freitag-17-09-1900-uhr","status":"publish","type":"post","link":"http:\/\/www.gruene-muellheim-neuenburg.de\/up\/?p=3227","title":{"rendered":"Einladung zur &#8222;GR\u00dcNEN B\u00fchne&#8220; am Freitag, 17.09., 19:00 Uhr"},"content":{"rendered":"\n<p>mit dem&nbsp;<strong>Bundestagsabgeordneten Gerhard Zickenheiner<\/strong><\/p>\n\n\n\n<div class=\"wp-block-columns is-layout-flex wp-container-core-columns-is-layout-9d6595d7 wp-block-columns-is-layout-flex\">\n<div class=\"wp-block-column is-layout-flow wp-block-column-is-layout-flow\" style=\"flex-basis:100%\"><\/div>\n<\/div>\n\n\n\n<p><strong>&#8222;Hitze und Starkregen, schaffen unsere Orte das?\u201c<\/strong><\/p>\n\n\n\n<p><strong>Wann:<\/strong>&nbsp;Freitag, 17. September, 19:00 Uhr, Markgr\u00e4fler Platz in M\u00fcllheim&nbsp;<\/p>\n\n\n\n<p><strong>Wie wollen wir den aktuellen Herausforderungen begegnen?<\/strong><\/p>\n\n\n\n<p><strong>Musikalische Umrahmung<\/strong>:<strong>&nbsp;<\/strong>WoGer,&nbsp;Liedermacher aus M\u00fcllheim.<\/p>\n\n\n\n<figure class=\"wp-block-image size-large is-resized is-style-default\"><a class=\"fancybox\" rel=\"gallery3227\" href=\"http:\/\/www.gruene-muellheim-neuenburg.de\/up\/wp-content\/uploads\/2021\/09\/Gruene-Buehne-17.09.2021.jpeg\"><img loading=\"lazy\" decoding=\"async\" src=\"http:\/\/www.gruene-muellheim-neuenburg.de\/up\/wp-content\/uploads\/2021\/09\/Gruene-Buehne-17.09.2021-800x600.jpeg\" alt=\"\" class=\"wp-image-3249\" width=\"730\" height=\"548\" srcset=\"http:\/\/www.gruene-muellheim-neuenburg.de\/up\/wp-content\/uploads\/2021\/09\/Gruene-Buehne-17.09.2021-800x600.jpeg 800w, http:\/\/www.gruene-muellheim-neuenburg.de\/up\/wp-content\/uploads\/2021\/09\/Gruene-Buehne-17.09.2021-400x300.jpeg 400w, http:\/\/www.gruene-muellheim-neuenburg.de\/up\/wp-content\/uploads\/2021\/09\/Gruene-Buehne-17.09.2021-768x576.jpeg 768w, http:\/\/www.gruene-muellheim-neuenburg.de\/up\/wp-content\/uploads\/2021\/09\/Gruene-Buehne-17.09.2021-150x113.jpeg 150w, http:\/\/www.gruene-muellheim-neuenburg.de\/up\/wp-content\/uploads\/2021\/09\/Gruene-Buehne-17.09.2021.jpeg 1024w\" sizes=\"auto, (max-width: 730px) 100vw, 730px\" \/><\/a><\/figure>\n\n\n\n<p><strong>Themen:<\/strong>&nbsp;<br>Unsere St\u00e4dte stehen vor gro\u00dfen Herausforderungen. Die Weichen f\u00fcr eine zukunftsf\u00e4hige Gestaltung unserer St\u00e4dte werden heute gestellt.<\/p>\n\n\n\n<p>Zentrale Themen sind der Klimawandel und Hochwasserschutz, der steigende Wohnbedarf, hohe Mieten und immer noch die Coronapandemie, um nur einige zu nennen<\/p>\n\n\n\n<p>Unsere St\u00e4dte heizen im Sommer auf und bilden Hitze-Hotspots mit schwerwiegenden Folgen f\u00fcr Mensch und Natur. Extremwetterereignisse wie Starkreden k\u00f6nnen zu verheerenden \u00dcberschwemmungen f\u00fchrten. Trotz hoher Baut\u00e4tigkeit steigen die Mieten und bezahlbare Wohnungen werden immer knapper. Der immer noch ansteigende, motorisierte Verkehr bringt L\u00e4rm und schlechte Luft in die Stadt.&nbsp;<\/p>\n\n\n\n<p><strong>Wie k\u00f6nnen diese Herausforderungen bew\u00e4ltigt werden?&nbsp;<br>Wie kann die Stadt der Zukunft aussehen?<\/strong><strong><\/strong><\/p>\n\n\n\n<p>Diesen und auch gerne Ihren weiteren Fragen wird der Bundestagsabgeordneten Gerhard Zickenheiner, der fr\u00fcher als Architekt, Stadt- und Regionalentwickler t\u00e4tig war, beim der Veranstaltung nachgehen.&nbsp;<\/p>\n","protected":false},"excerpt":{"rendered":"<p>mit dem&nbsp;Bundestagsabgeordneten Gerhard Zickenheiner &#8222;Hitze und Starkregen, schaffen unsere Orte das?\u201c Wann:&nbsp;Freitag, 17. September, 19:00 Uhr, Markgr\u00e4fler Platz in M\u00fcllheim&nbsp; Wie wollen wir den aktuellen Herausforderungen begegnen? Musikalische Umrahmung:&nbsp;WoGer,&nbsp;Liedermacher aus&#8230; <\/p>\n","protected":false},"author":1,"featured_media":0,"comment_status":"closed","ping_status":"closed","sticky":true,"template":"","format":"standard","meta":{"footnotes":""},"categories":[115,131,121],"tags":[],"class_list":["post-3227","post","type-post","status-publish","format-standard","hentry","category-klima","category-termine","category-umwelt"],"_links":{"self":[{"href":"http:\/\/www.gruene-muellheim-neuenburg.de\/up\/index.php?rest_route=\/wp\/v2\/posts\/3227","targetHints":{"allow":["GET"]}}],"collection":[{"href":"http:\/\/www.gruene-muellheim-neuenburg.de\/up\/index.php?rest_route=\/wp\/v2\/posts"}],"about":[{"href":"http:\/\/www.gruene-muellheim-neuenburg.de\/up\/index.php?rest_route=\/wp\/v2\/types\/post"}],"author":[{"embeddable":true,"href":"http:\/\/www.gruene-muellheim-neuenburg.de\/up\/index.php?rest_route=\/wp\/v2\/users\/1"}],"replies":[{"embeddable":true,"href":"http:\/\/www.gruene-muellheim-neuenburg.de\/up\/index.php?rest_route=%2Fwp%2Fv2%2Fcomments&post=3227"}],"version-history":[{"count":9,"href":"http:\/\/www.gruene-muellheim-neuenburg.de\/up\/index.php?rest_route=\/wp\/v2\/posts\/3227\/revisions"}],"predecessor-version":[{"id":3251,"href":"http:\/\/www.gruene-muellheim-neuenburg.de\/up\/index.php?rest_route=\/wp\/v2\/posts\/3227\/revisions\/3251"}],"wp:attachment":[{"href":"http:\/\/www.gruene-muellheim-neuenburg.de\/up\/index.php?rest_route=%2Fwp%2Fv2%2Fmedia&parent=3227"}],"wp:term":[{"taxonomy":"category","embeddable":true,"href":"http:\/\/www.gruene-muellheim-neuenburg.de\/up\/index.php?rest_route=%2Fwp%2Fv2%2Fcategories&post=3227"},{"taxonomy":"post_tag","embeddable":true,"href":"http:\/\/www.gruene-muellheim-neuenburg.de\/up\/index.php?rest_route=%2Fwp%2Fv2%2Ftags&post=3227"}],"curies":[{"name":"wp","href":"https:\/\/api.w.org\/{rel}","templated":true}]}}