{"id":3281,"date":"2021-12-20T14:56:00","date_gmt":"2021-12-20T12:56:00","guid":{"rendered":"http:\/\/www.gruene-muellheim-neuenburg.de\/up\/?p=3281"},"modified":"2022-01-02T15:05:19","modified_gmt":"2022-01-02T13:05:19","slug":"antraege-alm-gruene-zum-haushalt-2022","status":"publish","type":"post","link":"http:\/\/www.gruene-muellheim-neuenburg.de\/up\/?p=3281","title":{"rendered":"Antr\u00e4ge ALM\/GR\u00dcNE zum Haushalt 2022"},"content":{"rendered":"\n<p><a href=\"http:\/\/www.gruene-muellheim-neuenburg.de\/up\/wp-content\/uploads\/2022\/01\/Antrag-1-Haushalt-2022-Ostrampe-Bahnhof.pdf\">Antrag 1:<\/a> <strong>Ostrampe Bahnhof M\u00fcllhei<\/strong>m<\/p>\n\n\n\n<p><strong>In den Haushalt 2022 der Stadt M\u00fcllheim werden die notwendigen Mittel f\u00fcr&nbsp;Planung und Bau einer Rampe vom \u00f6stlichen Bahnhofsvorplatz zur Personenunter- f\u00fchrung unter dem neuen Bahnhofsgeb\u00e4ude eingestellt.<\/strong><\/p>\n\n\n\n<p>Antrag wurde zur\u00fcckgezogen, da nach Aussage des B\u00fcrgermeisters die Bahn nicht bereit ist, die Ostrampe umzusetzen<\/p>\n\n\n\n<p><a href=\"http:\/\/www.gruene-muellheim-neuenburg.de\/up\/wp-content\/uploads\/2022\/01\/Antrag-2-Haushalt-2022-Verbreiterung-des-Bahnsteigs-1-1.pdf\">Antrag 2:<\/a> <strong>Verbreiterung des Bahnsteigs 1 am Bahnhof M\u00fcllheim<\/strong><\/p>\n\n\n\n<p><strong>In den Haushalt 2022 werden die notwendigen Mittel f\u00fcr eine Erweiterung der Aufstellfl\u00e4che des Bahnsteigs am Gleis Richtung Freiburg eingestellt.<\/strong><\/p>\n\n\n\n<p>Wurde im Gemeinderat von CDU, FWG und SPD abgelehnt. <\/p>\n\n\n\n<p><a href=\"http:\/\/www.gruene-muellheim-neuenburg.de\/up\/wp-content\/uploads\/2022\/01\/Antrag3-Haushalt-2022-Umsetzung-Radverkehrskonzept-1-3.pdf\">Antrag 3:<\/a> <strong>Umsetzung Radverkehrskonzept<\/strong><\/p>\n\n\n\n<p><strong>Wir beantragen die Einstellung von 100.000 \u20ac f\u00fcr erste Ma\u00dfnahmen zur Umset- zung des Anfang n\u00e4chsten Jahres vorliegenden Radverkehrskonzeptes.<\/strong><\/p>\n\n\n\n<p>Wurde im Gemeinderat von CDU,FWG und SPD abgelehnt. Begr\u00fcndung der Verwaltung: Das Konzept w\u00fcrde erst im Januar vorgestellt. Es wird wohl davon ausgegangen, dass keine gr\u00f6\u00dferen Ma\u00dfnahmen notwendig seien. <\/p>\n\n\n\n<p><a href=\"http:\/\/www.gruene-muellheim-neuenburg.de\/up\/wp-content\/uploads\/2022\/01\/Antrag3-Haushalt-2022-Umsetzung-Radverkehrskonzept-1-3.pdf\">Antrag 4<\/a>: <strong>Sanierung Goethestra\u00dfe&nbsp;<\/strong><\/p>\n\n\n\n<p><strong>Im Haushalt 2022 werden die notwendigen Mittel zur Kostenermittlung einer Sanierung des Anwesens Goethestra\u00dfe 13-15 mit dem Ziel 2\/3 Wohnnutzung &#8211; 1\/3 B\u00fcronutzung eingestellt.<\/strong><\/p>\n\n\n\n<p>Der Antrag ist eine Reaktion, ein Kompromissantrag, auf den Antrag der CDU, die eine Pr\u00fcfung f\u00fcr 100% B\u00fcronutzung beantragt hatte. Wir wollen aber die Goethestra\u00dfe als Wohnhaus erhalten und sanieren. Die Verwaltung will beide Vorschl\u00e4ge pr\u00fcfen. <\/p>\n\n\n\n<p><a href=\"http:\/\/www.gruene-muellheim-neuenburg.de\/up\/wp-content\/uploads\/2022\/01\/Antrag-5-Haushalt-2022-Fledermausgutachten-2.pdf\">Antrag 5<\/a>: <strong>Artenschutzgutachten<\/strong><\/p>\n\n\n\n<p><strong>Wir beantragen die Einstellung von 15.000 \u20ac zur Erstellung eines Fledermausgutachtens f\u00fcr dem Bereich Eichwald M\u00fcllheim und Umgebung.<\/strong><\/p>\n\n\n\n<p>Wurde ebenfalls von CDU, FWG und SPD abgelehnt. <\/p>\n\n\n\n<p><a href=\"https:\/\/www.badische-zeitung.de\/zuversicht-aber-auch-kritik--207522399.html\">BZ 23.12.2021<\/a><\/p>\n","protected":false},"excerpt":{"rendered":"<p>Antrag 1: Ostrampe Bahnhof M\u00fcllheim In den Haushalt 2022 der Stadt M\u00fcllheim werden die notwendigen Mittel f\u00fcr&nbsp;Planung und Bau einer Rampe vom \u00f6stlichen Bahnhofsvorplatz zur Personenunter- f\u00fchrung unter dem neuen&#8230; <\/p>\n","protected":false},"author":1,"featured_media":0,"comment_status":"closed","ping_status":"closed","sticky":true,"template":"","format":"standard","meta":{"footnotes":""},"categories":[1,72,47,4],"tags":[],"class_list":["post-3281","post","type-post","status-publish","format-standard","hentry","category-allgemein","category-artenschutz-artensterben","category-eichwald","category-gruene"],"_links":{"self":[{"href":"http:\/\/www.gruene-muellheim-neuenburg.de\/up\/index.php?rest_route=\/wp\/v2\/posts\/3281","targetHints":{"allow":["GET"]}}],"collection":[{"href":"http:\/\/www.gruene-muellheim-neuenburg.de\/up\/index.php?rest_route=\/wp\/v2\/posts"}],"about":[{"href":"http:\/\/www.gruene-muellheim-neuenburg.de\/up\/index.php?rest_route=\/wp\/v2\/types\/post"}],"author":[{"embeddable":true,"href":"http:\/\/www.gruene-muellheim-neuenburg.de\/up\/index.php?rest_route=\/wp\/v2\/users\/1"}],"replies":[{"embeddable":true,"href":"http:\/\/www.gruene-muellheim-neuenburg.de\/up\/index.php?rest_route=%2Fwp%2Fv2%2Fcomments&post=3281"}],"version-history":[{"count":3,"href":"http:\/\/www.gruene-muellheim-neuenburg.de\/up\/index.php?rest_route=\/wp\/v2\/posts\/3281\/revisions"}],"predecessor-version":[{"id":3297,"href":"http:\/\/www.gruene-muellheim-neuenburg.de\/up\/index.php?rest_route=\/wp\/v2\/posts\/3281\/revisions\/3297"}],"wp:attachment":[{"href":"http:\/\/www.gruene-muellheim-neuenburg.de\/up\/index.php?rest_route=%2Fwp%2Fv2%2Fmedia&parent=3281"}],"wp:term":[{"taxonomy":"category","embeddable":true,"href":"http:\/\/www.gruene-muellheim-neuenburg.de\/up\/index.php?rest_route=%2Fwp%2Fv2%2Fcategories&post=3281"},{"taxonomy":"post_tag","embeddable":true,"href":"http:\/\/www.gruene-muellheim-neuenburg.de\/up\/index.php?rest_route=%2Fwp%2Fv2%2Ftags&post=3281"}],"curies":[{"name":"wp","href":"https:\/\/api.w.org\/{rel}","templated":true}]}}