{"id":3345,"date":"2022-03-17T12:53:43","date_gmt":"2022-03-17T10:53:43","guid":{"rendered":"http:\/\/www.gruene-muellheim-neuenburg.de\/up\/?p=3345"},"modified":"2022-04-26T23:14:31","modified_gmt":"2022-04-26T21:14:31","slug":"mahnwache-freitag-18-03-1730-uhr-muellheim","status":"publish","type":"post","link":"http:\/\/www.gruene-muellheim-neuenburg.de\/up\/?p=3345","title":{"rendered":"Mahnwache Freitag, 18.03, 17:30 Uhr in M\u00fcllheim, Markgr\u00e4fler Platz"},"content":{"rendered":"\n<p>Seit drei Wochen herrscht Krieg in der Ukraine und es ist noch kein Ende abzusehen. T\u00e4glich fallen Bomben auf ukrainische St\u00e4dte, werden Menschen verletzt, get\u00f6tet, hunderttausende sind auf der Flucht.&nbsp;Die Gefahr einer Ausweitung des Konflikts w\u00e4chst. <\/p>\n\n\n\n<p>Es ist wichtig Position zu beziehen und Zeichen zu setzen gegen Krieg und f\u00fcr Frieden. <\/p>\n\n\n\n<div class=\"wp-block-image\"><figure class=\"alignleft size-full is-resized\"><a class=\"fancybox\" rel=\"gallery3345\" href=\"http:\/\/www.gruene-muellheim-neuenburg.de\/up\/wp-content\/uploads\/2022\/03\/imagesCA996AI9.jpg\"><img loading=\"lazy\" decoding=\"async\" src=\"http:\/\/www.gruene-muellheim-neuenburg.de\/up\/wp-content\/uploads\/2022\/03\/imagesCA996AI9.jpg\" alt=\"\" class=\"wp-image-3328\" width=\"130\" height=\"124\"\/><\/a><\/figure><\/div>\n\n\n\n<p>B\u00fcndnis 90\/Die Gr\u00fcnen, OV Markgr\u00e4flerland; DGB KV Markgr\u00e4flerland und Die Linke, KV Markgr\u00e4flerland laden gemeinsam ein zur Mahnwache am Freitag, den 18. M\u00e4rz, 17:30 Uhr auf dem Markgr\u00e4fler Platz in M\u00fcllheim.&nbsp;Sie sind alle herzliche eingeladen, mit uns ein Zeichen zu setzen gegen den Krieg in der Ukraine und f\u00fcr Frieden in der Ukraine und Europa.<\/p>\n\n\n\n<p>                 <a href=\"http:\/\/www.gruene-muellheim-neuenburg.de\/up\/wp-content\/uploads\/2022\/03\/Begruessung-1.pdf\" data-type=\"URL\" data-id=\"http:\/\/www.gruene-muellheim-neuenburg.de\/up\/wp-content\/uploads\/2022\/03\/Begruessung-1.pdf\">Begr\u00fc\u00dfung<\/a>                      <a href=\"http:\/\/www.gruene-muellheim-neuenburg.de\/up\/wp-content\/uploads\/2022\/03\/Redebeitrag-1.pdf\" data-type=\"URL\" data-id=\"http:\/\/www.gruene-muellheim-neuenburg.de\/up\/wp-content\/uploads\/2022\/03\/Redebeitrag-1.pdf\">Redebeitrag<\/a><\/p>\n","protected":false},"excerpt":{"rendered":"<p>Seit drei Wochen herrscht Krieg in der Ukraine und es ist noch kein Ende abzusehen. T\u00e4glich fallen Bomben auf ukrainische St\u00e4dte, werden Menschen verletzt, get\u00f6tet, hunderttausende sind auf der Flucht.&nbsp;Die&#8230; <\/p>\n","protected":false},"author":1,"featured_media":0,"comment_status":"closed","ping_status":"closed","sticky":true,"template":"","format":"standard","meta":{"footnotes":""},"categories":[1],"tags":[136,137,135],"class_list":["post-3345","post","type-post","status-publish","format-standard","hentry","category-allgemein","tag-frieden","tag-krieg","tag-mahnwache"],"_links":{"self":[{"href":"http:\/\/www.gruene-muellheim-neuenburg.de\/up\/index.php?rest_route=\/wp\/v2\/posts\/3345","targetHints":{"allow":["GET"]}}],"collection":[{"href":"http:\/\/www.gruene-muellheim-neuenburg.de\/up\/index.php?rest_route=\/wp\/v2\/posts"}],"about":[{"href":"http:\/\/www.gruene-muellheim-neuenburg.de\/up\/index.php?rest_route=\/wp\/v2\/types\/post"}],"author":[{"embeddable":true,"href":"http:\/\/www.gruene-muellheim-neuenburg.de\/up\/index.php?rest_route=\/wp\/v2\/users\/1"}],"replies":[{"embeddable":true,"href":"http:\/\/www.gruene-muellheim-neuenburg.de\/up\/index.php?rest_route=%2Fwp%2Fv2%2Fcomments&post=3345"}],"version-history":[{"count":8,"href":"http:\/\/www.gruene-muellheim-neuenburg.de\/up\/index.php?rest_route=\/wp\/v2\/posts\/3345\/revisions"}],"predecessor-version":[{"id":3435,"href":"http:\/\/www.gruene-muellheim-neuenburg.de\/up\/index.php?rest_route=\/wp\/v2\/posts\/3345\/revisions\/3435"}],"wp:attachment":[{"href":"http:\/\/www.gruene-muellheim-neuenburg.de\/up\/index.php?rest_route=%2Fwp%2Fv2%2Fmedia&parent=3345"}],"wp:term":[{"taxonomy":"category","embeddable":true,"href":"http:\/\/www.gruene-muellheim-neuenburg.de\/up\/index.php?rest_route=%2Fwp%2Fv2%2Fcategories&post=3345"},{"taxonomy":"post_tag","embeddable":true,"href":"http:\/\/www.gruene-muellheim-neuenburg.de\/up\/index.php?rest_route=%2Fwp%2Fv2%2Ftags&post=3345"}],"curies":[{"name":"wp","href":"https:\/\/api.w.org\/{rel}","templated":true}]}}