{"id":3425,"date":"2022-04-25T21:32:31","date_gmt":"2022-04-25T19:32:31","guid":{"rendered":"http:\/\/www.gruene-muellheim-neuenburg.de\/up\/?p=3425"},"modified":"2022-04-26T23:09:44","modified_gmt":"2022-04-26T21:09:44","slug":"pm-gruene-fordern-keine-neuen-atomanlagen-in-fessenheim","status":"publish","type":"post","link":"http:\/\/www.gruene-muellheim-neuenburg.de\/up\/?p=3425","title":{"rendered":"PM GR\u00dcNE fordern:\u00a0Keine neuen Atomanlagen in Fessenheim"},"content":{"rendered":"\n<p><strong>36 Jahre nach der Atomkatastrophe von Tschernobyl.<\/strong><\/p>\n\n\n\n<p><strong>GR\u00dcNE fordern: Keine neuen Atomanlagen in Fessenheim<\/strong><\/p>\n\n\n\n<p>Vor 36 Jahren, am 26. April 1986 ereignete sich eine Havarie in einem Reaktorblock des Atomkraftwerks Tschernobyl. Explosionen und ein Feuer setzten riesige Mengen Radioaktivit\u00e4t frei. Gro\u00dfe Teile der Ukraine und Wei\u00dfrusslands wurden verstrahlt. Die radioaktive Wolke zog \u00fcber Skandinavien und Europa und verteilte gro\u00dffl\u00e4chig radioaktives Material. Tausende starben an den Folgen der Strahlung. Der havarierte Reaktor wurde sp\u00e4ter mit einem Sarkophag verschlossen.\u00a0<\/p>\n\n\n\n<div class=\"wp-block-image\"><figure class=\"alignleft size-large is-resized\"><a class=\"fancybox\" rel=\"gallery3425\" href=\"http:\/\/www.gruene-muellheim-neuenburg.de\/up\/wp-content\/uploads\/2022\/04\/20784453-0A15-490A-BE51-1FFDE287DD29.jpeg\"><img loading=\"lazy\" decoding=\"async\" src=\"http:\/\/www.gruene-muellheim-neuenburg.de\/up\/wp-content\/uploads\/2022\/04\/20784453-0A15-490A-BE51-1FFDE287DD29-800x534.jpeg\" alt=\"\" class=\"wp-image-3429\" width=\"442\" height=\"295\" srcset=\"http:\/\/www.gruene-muellheim-neuenburg.de\/up\/wp-content\/uploads\/2022\/04\/20784453-0A15-490A-BE51-1FFDE287DD29-800x534.jpeg 800w, http:\/\/www.gruene-muellheim-neuenburg.de\/up\/wp-content\/uploads\/2022\/04\/20784453-0A15-490A-BE51-1FFDE287DD29-400x267.jpeg 400w, http:\/\/www.gruene-muellheim-neuenburg.de\/up\/wp-content\/uploads\/2022\/04\/20784453-0A15-490A-BE51-1FFDE287DD29-768x512.jpeg 768w, http:\/\/www.gruene-muellheim-neuenburg.de\/up\/wp-content\/uploads\/2022\/04\/20784453-0A15-490A-BE51-1FFDE287DD29-1536x1025.jpeg 1536w, http:\/\/www.gruene-muellheim-neuenburg.de\/up\/wp-content\/uploads\/2022\/04\/20784453-0A15-490A-BE51-1FFDE287DD29-150x100.jpeg 150w, http:\/\/www.gruene-muellheim-neuenburg.de\/up\/wp-content\/uploads\/2022\/04\/20784453-0A15-490A-BE51-1FFDE287DD29.jpeg 2048w\" sizes=\"auto, (max-width: 442px) 100vw, 442px\" \/><\/a><\/figure><\/div>\n\n\n\n<p>Auch heute ger\u00e4t das AKW Tschernobyl wegen dem Kriegsgeschehen in der Ukraine immer wieder in den Focus, weil im Bereich des stillgelegten Atomkraftwerks gek\u00e4mpft und das Kraftwerk von russischen Truppen eingenommen wurde. An vier weiteren Standorten in der Ukraine stehen 15 veraltete und marode, noch teilweise in Betrieb befindliche Reaktorbl\u00f6cke. Schon im Frieden sind sie ein potentielles Risiko f\u00fcr eine Atomkatastrophe, wie auch viele andere Atomkraftwerke. Durch den Krieg wird dieses Risiko jedoch enorm erh\u00f6ht. Ein Fehler, eine fehlgeleitete Rakete oder ein Cyberangriff kann zur atomaren Katastrophe f\u00fchren.&nbsp;&nbsp;<\/p>\n\n\n\n<p>Anl\u00e4sslich des Jahrestages der Atomkatastrophe von Tschernobyl erinnern wir auch an die gro\u00dfe Atomkatastrophe von Fukushima im M\u00e4rz vor 11 Jahren, wo nach einem schweren Erdbeben und einer gro\u00dfen Flutwelle mehrere Reaktoren au\u00dfer Kontrolle gerieten, bis hin zur Kernschmelze. Riesige Mengen Radioaktivit\u00e4t wurden frei gesetzt.&nbsp;<\/p>\n\n\n\n<p>Atomkraft ist gef\u00e4hrlich und nicht beherrschbar, dies zeigt sich immer wieder aufs Neue.&nbsp;<\/p>\n\n\n\n<p>Das nur wenige Kilometer entfernte, franz\u00f6sische Atomkraftwerk Fessenheim wurde 2020 nach jahrzehntelangen Protesten endlich stillgelegt. Ein Erfolg f\u00fcr die Umweltbewegung und eine gro\u00dfe Erleichterung f\u00fcr die Bev\u00f6lkerung.&nbsp;&nbsp;<\/p>\n\n\n\n<p>Unsicherheit besteht jedoch \u00fcber die weitere industrielle Nutzung des Gel\u00e4ndes durch die EdF. Vor dem Hintergrund, der Ank\u00fcndigung von Pr\u00e4sident Emmanuel Macron, neue Atomkraftwerke zu bauen, fordern wir: \u201eKeine neuen Atomanlagen in Fessenheim und kein Technocentre zum&nbsp;Recyceln&nbsp;radioaktiv verseuchter Gro\u00dfkomponenten aus Atomkraftwerken\u201c!&nbsp;&nbsp;<\/p>\n\n\n\n<p>\u201eDie Zukunft liegt in den erneuerbaren Energien, nicht in der Atomkraft\u201c.&nbsp;Daf\u00fcr w\u00fcrde sich das Kraftwerksgel\u00e4nde hervorragend eignen. Zum Beispiel f\u00fcr gro\u00dffl\u00e4chige Photovoltaikanlagen und einer Wasserstoffproduktion.<\/p>\n\n\n\n<p><\/p>\n","protected":false},"excerpt":{"rendered":"<p>36 Jahre nach der Atomkatastrophe von Tschernobyl. GR\u00dcNE fordern: Keine neuen Atomanlagen in Fessenheim Vor 36 Jahren, am 26. April 1986 ereignete sich eine Havarie in einem Reaktorblock des Atomkraftwerks&#8230; <\/p>\n","protected":false},"author":1,"featured_media":0,"comment_status":"closed","ping_status":"closed","sticky":true,"template":"","format":"standard","meta":{"footnotes":""},"categories":[1,8,115,121],"tags":[143,14,106],"class_list":["post-3425","post","type-post","status-publish","format-standard","hentry","category-allgemein","category-fessemheim","category-klima","category-umwelt","tag-atomkraf","tag-fessenheim","tag-tschernobyl"],"_links":{"self":[{"href":"http:\/\/www.gruene-muellheim-neuenburg.de\/up\/index.php?rest_route=\/wp\/v2\/posts\/3425","targetHints":{"allow":["GET"]}}],"collection":[{"href":"http:\/\/www.gruene-muellheim-neuenburg.de\/up\/index.php?rest_route=\/wp\/v2\/posts"}],"about":[{"href":"http:\/\/www.gruene-muellheim-neuenburg.de\/up\/index.php?rest_route=\/wp\/v2\/types\/post"}],"author":[{"embeddable":true,"href":"http:\/\/www.gruene-muellheim-neuenburg.de\/up\/index.php?rest_route=\/wp\/v2\/users\/1"}],"replies":[{"embeddable":true,"href":"http:\/\/www.gruene-muellheim-neuenburg.de\/up\/index.php?rest_route=%2Fwp%2Fv2%2Fcomments&post=3425"}],"version-history":[{"count":4,"href":"http:\/\/www.gruene-muellheim-neuenburg.de\/up\/index.php?rest_route=\/wp\/v2\/posts\/3425\/revisions"}],"predecessor-version":[{"id":3433,"href":"http:\/\/www.gruene-muellheim-neuenburg.de\/up\/index.php?rest_route=\/wp\/v2\/posts\/3425\/revisions\/3433"}],"wp:attachment":[{"href":"http:\/\/www.gruene-muellheim-neuenburg.de\/up\/index.php?rest_route=%2Fwp%2Fv2%2Fmedia&parent=3425"}],"wp:term":[{"taxonomy":"category","embeddable":true,"href":"http:\/\/www.gruene-muellheim-neuenburg.de\/up\/index.php?rest_route=%2Fwp%2Fv2%2Fcategories&post=3425"},{"taxonomy":"post_tag","embeddable":true,"href":"http:\/\/www.gruene-muellheim-neuenburg.de\/up\/index.php?rest_route=%2Fwp%2Fv2%2Ftags&post=3425"}],"curies":[{"name":"wp","href":"https:\/\/api.w.org\/{rel}","templated":true}]}}