{"id":3436,"date":"2022-04-23T12:24:00","date_gmt":"2022-04-23T10:24:00","guid":{"rendered":"http:\/\/www.gruene-muellheim-neuenburg.de\/up\/?p=3436"},"modified":"2022-05-11T19:24:11","modified_gmt":"2022-05-11T17:24:11","slug":"mahnwache-22-april-2022","status":"publish","type":"post","link":"http:\/\/www.gruene-muellheim-neuenburg.de\/up\/?p=3436","title":{"rendered":"Mahnwache 22. April 2022"},"content":{"rendered":"\n<p>Mahnwache f\u00fcr Frieden und gegen den Krieg<br>Herzliche Einladung zur Mahnwache f\u00fcr Frieden und gegen den Krieg in der Ukraine, am Freitag, den 22. April 2022, 17:30 Uhr auf dem Markgr\u00e4fler Platz in M\u00fcllheim. Mit Beitr\u00e4gen von Heidi Gl\u00f6ss und Otfried K\u00f6hn. &nbsp;Musikalisch begleitet von Felix Hempel.<\/p>\n\n\n\n<p><a href=\"http:\/\/Mahnwach-Ukraine-Redebeitrag-220423-veroeffentlicht\" data-type=\"URL\" data-id=\"Mahnwach-Ukraine-Redebeitrag-220423-veroeffentlicht\">Beitrag K\u00f6hn<\/a><a href=\"http:\/\/www.gruene-muellheim-neuenburg.de\/up\/wp-content\/uploads\/2022\/04\/Mahnwache-Ukraine-Redebeitrag-220423-veroeffentlicht.pdf\"> http:\/\/www.gruene-muellheim-neuenburg.de\/up\/wp-content\/uploads\/2022\/04\/Mahnwache-Ukraine-Redebeitrag-220423-veroeffentlicht.pdf<\/a><\/p>\n","protected":false},"excerpt":{"rendered":"<p>Mahnwache f\u00fcr Frieden und gegen den KriegHerzliche Einladung zur Mahnwache f\u00fcr Frieden und gegen den Krieg in der Ukraine, am Freitag, den 22. April 2022, 17:30 Uhr auf dem Markgr\u00e4fler&#8230; <\/p>\n","protected":false},"author":1,"featured_media":0,"comment_status":"closed","ping_status":"closed","sticky":true,"template":"","format":"standard","meta":{"footnotes":""},"categories":[1,144,77],"tags":[],"class_list":["post-3436","post","type-post","status-publish","format-standard","hentry","category-allgemein","category-frieden","category-menschenrechte"],"_links":{"self":[{"href":"http:\/\/www.gruene-muellheim-neuenburg.de\/up\/index.php?rest_route=\/wp\/v2\/posts\/3436","targetHints":{"allow":["GET"]}}],"collection":[{"href":"http:\/\/www.gruene-muellheim-neuenburg.de\/up\/index.php?rest_route=\/wp\/v2\/posts"}],"about":[{"href":"http:\/\/www.gruene-muellheim-neuenburg.de\/up\/index.php?rest_route=\/wp\/v2\/types\/post"}],"author":[{"embeddable":true,"href":"http:\/\/www.gruene-muellheim-neuenburg.de\/up\/index.php?rest_route=\/wp\/v2\/users\/1"}],"replies":[{"embeddable":true,"href":"http:\/\/www.gruene-muellheim-neuenburg.de\/up\/index.php?rest_route=%2Fwp%2Fv2%2Fcomments&post=3436"}],"version-history":[{"count":9,"href":"http:\/\/www.gruene-muellheim-neuenburg.de\/up\/index.php?rest_route=\/wp\/v2\/posts\/3436\/revisions"}],"predecessor-version":[{"id":3477,"href":"http:\/\/www.gruene-muellheim-neuenburg.de\/up\/index.php?rest_route=\/wp\/v2\/posts\/3436\/revisions\/3477"}],"wp:attachment":[{"href":"http:\/\/www.gruene-muellheim-neuenburg.de\/up\/index.php?rest_route=%2Fwp%2Fv2%2Fmedia&parent=3436"}],"wp:term":[{"taxonomy":"category","embeddable":true,"href":"http:\/\/www.gruene-muellheim-neuenburg.de\/up\/index.php?rest_route=%2Fwp%2Fv2%2Fcategories&post=3436"},{"taxonomy":"post_tag","embeddable":true,"href":"http:\/\/www.gruene-muellheim-neuenburg.de\/up\/index.php?rest_route=%2Fwp%2Fv2%2Ftags&post=3436"}],"curies":[{"name":"wp","href":"https:\/\/api.w.org\/{rel}","templated":true}]}}