{"id":3597,"date":"2023-09-07T22:04:38","date_gmt":"2023-09-07T20:04:38","guid":{"rendered":"http:\/\/www.gruene-muellheim-neuenburg.de\/up\/?p=3597"},"modified":"2023-09-07T22:04:38","modified_gmt":"2023-09-07T20:04:38","slug":"veranstaltung-fessenheim-was-plant-die-edf","status":"publish","type":"post","link":"http:\/\/www.gruene-muellheim-neuenburg.de\/up\/?p=3597","title":{"rendered":"Veranstaltung: \u201eFessenheim, was plant die EDF.?\u201c"},"content":{"rendered":"\n<p>Vortrag und Diskussion zum Thema \u201eFessenheim, was plant die EDF.?\u201c mit Claude Ledergerber, B\u00fcrgerhaus M\u00fcllheim am 21 September 2023 um 19.30 Uhr<\/p>\n\n\n\n<p>Am&nbsp;<strong>Donnerstag, den 21.09.2023 um 19.30<\/strong>&nbsp;Uhr haben wir&nbsp;Claude Ledergerber <strong>im kleinen Saal des B\u00fcrgerhauses M\u00fcllheim<\/strong>&nbsp;zu Gast. Claude Ledergerber ist Vorstandsmitglied des Trinationalen Atomschutzverbandes (TRAS) und seit vielen Jahren im &#8222;Comit\u00e9 de Sauvegarde de Fessenheim et de la Plaine du Rhin&#8220; (CSFR) aktiv und ist ein profunder Kenner der franz\u00f6sischen Atomenergieszene.<\/p>\n\n\n<div class=\"wp-block-image\">\n<figure class=\"alignleft size-large is-resized\"><a class=\"fancybox\" rel=\"gallery3597\" href=\"http:\/\/www.gruene-muellheim-neuenburg.de\/up\/wp-content\/uploads\/2021\/05\/17090202370_277d18555d_k-1.jpg\"><img loading=\"lazy\" decoding=\"async\" src=\"http:\/\/www.gruene-muellheim-neuenburg.de\/up\/wp-content\/uploads\/2021\/05\/17090202370_277d18555d_k-1-800x675.jpg\" alt=\"\" class=\"wp-image-3068\" width=\"220\" height=\"186\" srcset=\"http:\/\/www.gruene-muellheim-neuenburg.de\/up\/wp-content\/uploads\/2021\/05\/17090202370_277d18555d_k-1-800x675.jpg 800w, http:\/\/www.gruene-muellheim-neuenburg.de\/up\/wp-content\/uploads\/2021\/05\/17090202370_277d18555d_k-1-400x337.jpg 400w, http:\/\/www.gruene-muellheim-neuenburg.de\/up\/wp-content\/uploads\/2021\/05\/17090202370_277d18555d_k-1-768x648.jpg 768w, http:\/\/www.gruene-muellheim-neuenburg.de\/up\/wp-content\/uploads\/2021\/05\/17090202370_277d18555d_k-1-150x127.jpg 150w, http:\/\/www.gruene-muellheim-neuenburg.de\/up\/wp-content\/uploads\/2021\/05\/17090202370_277d18555d_k-1.jpg 1532w\" sizes=\"auto, (max-width: 220px) 100vw, 220px\" \/><\/a><\/figure>\n<\/div>\n\n\n<p>Claude Ledergerber spricht allgemein \u00fcber die Lage der Atomkraftnutzung in Frankreich und dar\u00fcber hinaus detailliert \u00fcber die Pl\u00e4ne der EDF f\u00fcr Fessenheim, die dort eine Verwertungsanlage f\u00fcr schwach radioaktiv belasteten Schrott errichten will. Nachdem die EDF in der Atomanlage Tricastin im Rhonetal lieber neue Reaktoren vom weiterentwickelten Typ EPR2 errichten m\u00f6chte, soll nun der atomare Schrott in Fessenheim aufbereitet werden. &nbsp;Was hat es mit der geplanten Schmelzerei und Gie\u00dferei radioaktiver Metalle auf sich?&nbsp;&nbsp; Nach dem Vortrag gibt es ausgiebig Gelegenheit f\u00fcr Fragen und Diskussionen. Der Eintritt ist frei.<\/p>\n","protected":false},"excerpt":{"rendered":"<p>Vortrag und Diskussion zum Thema \u201eFessenheim, was plant die EDF.?\u201c mit Claude Ledergerber, B\u00fcrgerhaus M\u00fcllheim am 21 September 2023 um 19.30 Uhr Am&nbsp;Donnerstag, den 21.09.2023 um 19.30&nbsp;Uhr haben wir&nbsp;Claude Ledergerber&#8230; <\/p>\n","protected":false},"author":1,"featured_media":0,"comment_status":"closed","ping_status":"closed","sticky":true,"template":"","format":"standard","meta":{"footnotes":""},"categories":[1,8],"tags":[],"class_list":["post-3597","post","type-post","status-publish","format-standard","hentry","category-allgemein","category-fessemheim"],"_links":{"self":[{"href":"http:\/\/www.gruene-muellheim-neuenburg.de\/up\/index.php?rest_route=\/wp\/v2\/posts\/3597","targetHints":{"allow":["GET"]}}],"collection":[{"href":"http:\/\/www.gruene-muellheim-neuenburg.de\/up\/index.php?rest_route=\/wp\/v2\/posts"}],"about":[{"href":"http:\/\/www.gruene-muellheim-neuenburg.de\/up\/index.php?rest_route=\/wp\/v2\/types\/post"}],"author":[{"embeddable":true,"href":"http:\/\/www.gruene-muellheim-neuenburg.de\/up\/index.php?rest_route=\/wp\/v2\/users\/1"}],"replies":[{"embeddable":true,"href":"http:\/\/www.gruene-muellheim-neuenburg.de\/up\/index.php?rest_route=%2Fwp%2Fv2%2Fcomments&post=3597"}],"version-history":[{"count":1,"href":"http:\/\/www.gruene-muellheim-neuenburg.de\/up\/index.php?rest_route=\/wp\/v2\/posts\/3597\/revisions"}],"predecessor-version":[{"id":3598,"href":"http:\/\/www.gruene-muellheim-neuenburg.de\/up\/index.php?rest_route=\/wp\/v2\/posts\/3597\/revisions\/3598"}],"wp:attachment":[{"href":"http:\/\/www.gruene-muellheim-neuenburg.de\/up\/index.php?rest_route=%2Fwp%2Fv2%2Fmedia&parent=3597"}],"wp:term":[{"taxonomy":"category","embeddable":true,"href":"http:\/\/www.gruene-muellheim-neuenburg.de\/up\/index.php?rest_route=%2Fwp%2Fv2%2Fcategories&post=3597"},{"taxonomy":"post_tag","embeddable":true,"href":"http:\/\/www.gruene-muellheim-neuenburg.de\/up\/index.php?rest_route=%2Fwp%2Fv2%2Ftags&post=3597"}],"curies":[{"name":"wp","href":"https:\/\/api.w.org\/{rel}","templated":true}]}}