{"id":3906,"date":"2025-02-14T16:02:02","date_gmt":"2025-02-14T14:02:02","guid":{"rendered":"http:\/\/www.gruene-muellheim-neuenburg.de\/up\/?p=3906"},"modified":"2025-02-14T16:05:20","modified_gmt":"2025-02-14T14:05:20","slug":"gruene-jugend-in-muellheim","status":"publish","type":"post","link":"http:\/\/www.gruene-muellheim-neuenburg.de\/up\/?p=3906","title":{"rendered":"GR\u00dcNE Jugend in M\u00fcllheim"},"content":{"rendered":"\n<div class=\"wp-block-columns is-layout-flex wp-container-core-columns-is-layout-9d6595d7 wp-block-columns-is-layout-flex\">\n<div class=\"wp-block-column is-layout-flow wp-block-column-is-layout-flow\">\n<figure class=\"wp-block-image size-large is-resized\"><a class=\"fancybox\" rel=\"gallery3906\" href=\"http:\/\/www.gruene-muellheim-neuenburg.de\/up\/wp-content\/uploads\/2025\/02\/Gruene-Jugend-in-Mue.jpg\"><img loading=\"lazy\" decoding=\"async\" src=\"http:\/\/www.gruene-muellheim-neuenburg.de\/up\/wp-content\/uploads\/2025\/02\/Gruene-Jugend-in-Mue-800x748.jpg\" alt=\"\" class=\"wp-image-3907\" width=\"353\" height=\"329\" srcset=\"http:\/\/www.gruene-muellheim-neuenburg.de\/up\/wp-content\/uploads\/2025\/02\/Gruene-Jugend-in-Mue-800x748.jpg 800w, http:\/\/www.gruene-muellheim-neuenburg.de\/up\/wp-content\/uploads\/2025\/02\/Gruene-Jugend-in-Mue-400x374.jpg 400w, http:\/\/www.gruene-muellheim-neuenburg.de\/up\/wp-content\/uploads\/2025\/02\/Gruene-Jugend-in-Mue-768x718.jpg 768w, http:\/\/www.gruene-muellheim-neuenburg.de\/up\/wp-content\/uploads\/2025\/02\/Gruene-Jugend-in-Mue-150x140.jpg 150w, http:\/\/www.gruene-muellheim-neuenburg.de\/up\/wp-content\/uploads\/2025\/02\/Gruene-Jugend-in-Mue.jpg 904w\" sizes=\"auto, (max-width: 353px) 100vw, 353px\" \/><\/a><\/figure>\n<\/div>\n\n\n\n<div class=\"wp-block-column is-layout-flow wp-block-column-is-layout-flow\">\n<p>Im Rahmen ihrer Bustour durch Baden-W\u00fcrttemberg hat die Jugendorganisation der GR\u00dcNEN am Donnerstag, den 13. Februar 2025 am Moltkeplatz in M\u00fcllheim, Station gemacht. Es konnten viele gute Gespr\u00e4che mit Jungen Menschen gef\u00fchrt werden.<\/p>\n<\/div>\n<\/div>\n","protected":false},"excerpt":{"rendered":"<p>Im Rahmen ihrer Bustour durch Baden-W\u00fcrttemberg hat die Jugendorganisation der GR\u00dcNEN am Donnerstag, den 13. Februar 2025 am Moltkeplatz in M\u00fcllheim, Station gemacht. Es konnten viele gute Gespr\u00e4che mit Jungen&#8230; <\/p>\n","protected":false},"author":1,"featured_media":0,"comment_status":"closed","ping_status":"closed","sticky":true,"template":"","format":"standard","meta":{"footnotes":""},"categories":[1,68],"tags":[],"class_list":["post-3906","post","type-post","status-publish","format-standard","hentry","category-allgemein","category-wahlen"],"_links":{"self":[{"href":"http:\/\/www.gruene-muellheim-neuenburg.de\/up\/index.php?rest_route=\/wp\/v2\/posts\/3906","targetHints":{"allow":["GET"]}}],"collection":[{"href":"http:\/\/www.gruene-muellheim-neuenburg.de\/up\/index.php?rest_route=\/wp\/v2\/posts"}],"about":[{"href":"http:\/\/www.gruene-muellheim-neuenburg.de\/up\/index.php?rest_route=\/wp\/v2\/types\/post"}],"author":[{"embeddable":true,"href":"http:\/\/www.gruene-muellheim-neuenburg.de\/up\/index.php?rest_route=\/wp\/v2\/users\/1"}],"replies":[{"embeddable":true,"href":"http:\/\/www.gruene-muellheim-neuenburg.de\/up\/index.php?rest_route=%2Fwp%2Fv2%2Fcomments&post=3906"}],"version-history":[{"count":4,"href":"http:\/\/www.gruene-muellheim-neuenburg.de\/up\/index.php?rest_route=\/wp\/v2\/posts\/3906\/revisions"}],"predecessor-version":[{"id":3911,"href":"http:\/\/www.gruene-muellheim-neuenburg.de\/up\/index.php?rest_route=\/wp\/v2\/posts\/3906\/revisions\/3911"}],"wp:attachment":[{"href":"http:\/\/www.gruene-muellheim-neuenburg.de\/up\/index.php?rest_route=%2Fwp%2Fv2%2Fmedia&parent=3906"}],"wp:term":[{"taxonomy":"category","embeddable":true,"href":"http:\/\/www.gruene-muellheim-neuenburg.de\/up\/index.php?rest_route=%2Fwp%2Fv2%2Fcategories&post=3906"},{"taxonomy":"post_tag","embeddable":true,"href":"http:\/\/www.gruene-muellheim-neuenburg.de\/up\/index.php?rest_route=%2Fwp%2Fv2%2Ftags&post=3906"}],"curies":[{"name":"wp","href":"https:\/\/api.w.org\/{rel}","templated":true}]}}