{"id":3930,"date":"2025-05-20T17:00:00","date_gmt":"2025-05-20T15:00:00","guid":{"rendered":"http:\/\/www.gruene-muellheim-neuenburg.de\/up\/?p=3930"},"modified":"2025-05-29T21:04:20","modified_gmt":"2025-05-29T19:04:20","slug":"neue-schwimmbadordnung-burkini-nicht-erlaubt","status":"publish","type":"post","link":"http:\/\/www.gruene-muellheim-neuenburg.de\/up\/?p=3930","title":{"rendered":"Schwimmbadordnung &#8211; Badekleidung erneut im Gemeinderat am 28.05.2025"},"content":{"rendered":"\n<p>Am Mittwoch 28.05.2025 ist eine erneute \u00c4nderung der Badeordnung auf der Tagesordnung des Gemeinderats. Kinder bis 14 Jahren sollen von der Regelung, dass Badekleidung am Ellenbogen und am Knie enden muss, ausgenommen werden. Top 9. <\/p>\n\n\n\n<p><a href=\"https:\/\/meeting-mobile.de\/mm\/muellheim\/ris_web.nsf\/meeting_doc.xsp?documentId=91780BA3FF551927C1258C42003A34F6&amp;action=openDocument\">https:\/\/meeting-mobile.de\/mm\/muellheim\/ris_web.nsf\/meeting_doc.xsp?documentId=91780BA3FF551927C1258C42003A34F6&amp;action=openDocument<\/a><\/p>\n\n\n\n<p>Dies ist ein Schritt in die richtige Richtung, aber nicht ausreichend. Ganzk\u00f6rperbadeanz\u00fcge m\u00fcssen grunds\u00e4tzlich erlaubt sein. Die jetzige Regelung grenzt aus und diskriminiert Frauen, die aus Glaubensgr\u00fcnden Ganzk\u00f6rperbadeanz\u00fcge tragen wollen. Das gleiche gilt f\u00fcr Frauen und M\u00e4nner, die aus gesundheitlichen Gr\u00fcnden Sonnenschutzkleidung tragen. Ganzk\u00f6rperbadeanz\u00fcge sind aus dem gleichen Stoff wie andere Badeanz\u00fcge und gelten als \u00fcbliche Badebekleidung. <\/p>\n\n\n\n<p>Die Schwimmbadordnung war auch Thema im SWR:<\/p>\n\n\n\n<p><a href=\"https:\/\/www.swr.de\/swraktuell\/baden-wuerttemberg\/suedbaden\/badekleidung-im-schwimmbad-100.html?at_medium=social&amp;at_campaign=info%40swr.de\">https:\/\/www.swr.de\/swraktuell\/baden-wuerttemberg\/suedbaden\/badekleidung-im-schwimmbad-100.html?at_medium=social&amp;at_campaign=info%40swr.de<\/a> <\/p>\n\n\n\n<p><strong>Neue Badeordnung &#8211; Burkini nicht erlaubt.<\/strong><\/p>\n\n\n\n<p><strong>Diskussion \u00fcber neue Badeordnung im Gemeinderat<\/strong><\/p>\n\n\n\n<p><strong>Es war eine Diskussion um ein bisschen Stoff.<\/strong> Die Mehrheit des Gemeinderats stimmte f\u00fcr den Vorschlag der Verwaltung, wonach Badebekleidung \u00fcber dem Knie und dem Ellenbogen enden muss. Unser Antrag s.u. wurde mit 14:11 Stimmen bei einer Enthaltung abgelehnt.<\/p>\n\n\n<div class=\"wp-block-image\">\n<figure class=\"alignleft size-large is-resized\"><a class=\"fancybox\" rel=\"gallery3930\" href=\"http:\/\/www.gruene-muellheim-neuenburg.de\/up\/wp-content\/uploads\/2025\/03\/Scwimmbad.jpg\"><img loading=\"lazy\" decoding=\"async\" width=\"800\" height=\"513\" src=\"http:\/\/www.gruene-muellheim-neuenburg.de\/up\/wp-content\/uploads\/2025\/03\/Scwimmbad-800x513.jpg\" alt=\"\" class=\"wp-image-3939\" style=\"width:497px;height:319px\" srcset=\"http:\/\/www.gruene-muellheim-neuenburg.de\/up\/wp-content\/uploads\/2025\/03\/Scwimmbad-800x513.jpg 800w, http:\/\/www.gruene-muellheim-neuenburg.de\/up\/wp-content\/uploads\/2025\/03\/Scwimmbad-400x256.jpg 400w, http:\/\/www.gruene-muellheim-neuenburg.de\/up\/wp-content\/uploads\/2025\/03\/Scwimmbad-768x492.jpg 768w, http:\/\/www.gruene-muellheim-neuenburg.de\/up\/wp-content\/uploads\/2025\/03\/Scwimmbad-1536x984.jpg 1536w, http:\/\/www.gruene-muellheim-neuenburg.de\/up\/wp-content\/uploads\/2025\/03\/Scwimmbad-150x96.jpg 150w, http:\/\/www.gruene-muellheim-neuenburg.de\/up\/wp-content\/uploads\/2025\/03\/Scwimmbad.jpg 1600w\" sizes=\"auto, (max-width: 800px) 100vw, 800px\" \/><\/a><\/figure>\n<\/div>\n\n\n<p><a class=\"fancybox\" rel=\"gallery3930\" href=\"http:\/\/www.gruene-muellheim-neuenburg.de\/up\/wp-content\/uploads\/2025\/03\/Schwimmbad-25.-Aug.-2019-29.jpg\"><\/a>Damit wird die bisherige Praxis weiter gef\u00fchrt. Muslimische Frauen und ihre kleinen Kinder sind auch weiterhin vom Baden im M\u00fcllheimer Schwimmbad ausgeschlossen. Betroffen sind auch Badeg\u00e4ste, die aus medizinischen Gr\u00fcnden Sonnenschutzkleidung tragen m\u00fcssen. Das ist Ausgrenzung und Ausgrenzung ist Diskriminierung.<\/p>\n\n\n\n<p>Als Begr\u00fcndung werden hygienische Gr\u00fcnde angef\u00fchrt. Die Ausf\u00fchrungen dazu konnten nicht \u00fcberzeugen. Die paar cm Stoff vom Ellenbogen bis zur Hand und vom Knie bis zum Kn\u00f6chel sollen die Qualit\u00e4t des Badewassers gef\u00e4hrden. Echt zum Lachen, wenn es nicht so traurig w\u00e4re.<\/p>\n\n\n\n<p>Antrag der Fraktion Gr\u00fcne<\/p>\n\n\n\n<p><strong>Der Satz \u201eBadebekleidung darf weder \u00fcber die Ellenbogen noch \u00fcber die Knie reichen\u201c wird gestrichen und durch den Satz \u201eGanzk\u00f6rperbadeanz\u00fcge sind erlaubt\u201c ersetzt.<\/strong><\/p>\n\n\n\n<p>Begr\u00fcndung:<\/p>\n\n\n\n<p>Die vorgeschlagene Regelung bedeutet Ausschluss bestimmter Personengruppen vom Schwimmbadbesuch und widerspricht dem Teilhabegrundsatz. Ausschluss bedeutet Ausgrenzung und Diskriminierung.<\/p>\n\n\n\n<p>Betroffen sind in erster Linie muslimische Frauen, die aus Glaubensgr\u00fcnden nur mit Ganzk\u00f6rperbadanz\u00fcgen (Burkinis) das Schwimmbad besuchen k\u00f6nnen. Dies betrifft auch deren Kinder, die ohne ihre M\u00fctter ebenfalls vom Schwimmbadbesuch ausgeschlossen sind.<\/p>\n\n\n\n<p>Betroffen sind zudem Personen, die aus gesundheitlichen Gr\u00fcnden UV-Schutzkleidung tragen m\u00fcssen.<\/p>\n\n\n\n<p>Die Vorgabe, dass Badebekleidung am Ellenbogen und am Knie enden muss ist v\u00f6llig unverst\u00e4ndlich, da der Unterschied zur Ganzk\u00f6rperbadebekleidung minimal ist.<\/p>\n\n\n\n<p>Die Beschlussvorlage finden Sie hier unter Top 3<\/p>\n\n\n\n<p><a href=\"https:\/\/meeting-mobile.de\/mm\/muellheim\/ris_web.nsf\/meeting_doc.xsp?documentId=E2D459891285211EC1258BE70031204F&amp;action=openDocument\">https:\/\/meeting-mobile.de\/mm\/muellheim\/ris_web.nsf\/meeting_doc.xsp?documentId=E2D459891285211EC1258BE70031204F&amp;action=openDocument<\/a><\/p>\n\n\n\n<p><a href=\"https:\/\/www.badische-zeitung.de\/burkinis-bleiben-im-muellheimer-freibad-verboten\">https:\/\/www.badische-zeitung.de\/burkinis-bleiben-im-muellheimer-freibad-verboten<\/a><\/p>\n\n\n\n<p>Siehe auch unser Antrag vom Sommer 2024:<\/p>\n\n\n\n<p>Siehe auch unser Antrag vom Sommer 2024: <\/p>\n\n\n\n<figure class=\"wp-block-embed is-type-wp-embed is-provider-gr-ne-markgr-flerland wp-block-embed-gr-ne-markgr-flerland\"><div class=\"wp-block-embed__wrapper\">\n<blockquote class=\"wp-embedded-content\" data-secret=\"Q0AVSyW7Ti\"><a href=\"http:\/\/www.gruene-muellheim-neuenburg.de\/up\/?p=3820\">Antrag\/Schreiben ALM\/GR\u00dcNE &#8211; Burkini im Schwimmbad<\/a><\/blockquote><iframe loading=\"lazy\" class=\"wp-embedded-content\" sandbox=\"allow-scripts\" security=\"restricted\" style=\"position: absolute; visibility: hidden;\" title=\"&#8222;Antrag\/Schreiben ALM\/GR\u00dcNE &#8211; Burkini im Schwimmbad&#8220; &#8212; GR\u00dcNE MARKGR\u00c4FLERLAND\" src=\"http:\/\/www.gruene-muellheim-neuenburg.de\/up\/?p=3820&#038;embed=true#?secret=msTouC8ooz#?secret=Q0AVSyW7Ti\" data-secret=\"Q0AVSyW7Ti\" width=\"600\" height=\"338\" frameborder=\"0\" marginwidth=\"0\" marginheight=\"0\" scrolling=\"no\"><\/iframe>\n<\/div><\/figure>\n","protected":false},"excerpt":{"rendered":"<p>Am Mittwoch 28.05.2025 ist eine erneute \u00c4nderung der Badeordnung auf der Tagesordnung des Gemeinderats. Kinder bis 14 Jahren sollen von der Regelung, dass Badekleidung am Ellenbogen und am Knie enden&#8230; <\/p>\n","protected":false},"author":1,"featured_media":0,"comment_status":"closed","ping_status":"closed","sticky":true,"template":"","format":"standard","meta":{"footnotes":""},"categories":[1,4,77],"tags":[179,180,193],"class_list":["post-3930","post","type-post","status-publish","format-standard","hentry","category-allgemein","category-gruene","category-menschenrechte","tag-burkini","tag-schwimmbad","tag-sonnenschutzkleidung"],"_links":{"self":[{"href":"http:\/\/www.gruene-muellheim-neuenburg.de\/up\/index.php?rest_route=\/wp\/v2\/posts\/3930","targetHints":{"allow":["GET"]}}],"collection":[{"href":"http:\/\/www.gruene-muellheim-neuenburg.de\/up\/index.php?rest_route=\/wp\/v2\/posts"}],"about":[{"href":"http:\/\/www.gruene-muellheim-neuenburg.de\/up\/index.php?rest_route=\/wp\/v2\/types\/post"}],"author":[{"embeddable":true,"href":"http:\/\/www.gruene-muellheim-neuenburg.de\/up\/index.php?rest_route=\/wp\/v2\/users\/1"}],"replies":[{"embeddable":true,"href":"http:\/\/www.gruene-muellheim-neuenburg.de\/up\/index.php?rest_route=%2Fwp%2Fv2%2Fcomments&post=3930"}],"version-history":[{"count":7,"href":"http:\/\/www.gruene-muellheim-neuenburg.de\/up\/index.php?rest_route=\/wp\/v2\/posts\/3930\/revisions"}],"predecessor-version":[{"id":3976,"href":"http:\/\/www.gruene-muellheim-neuenburg.de\/up\/index.php?rest_route=\/wp\/v2\/posts\/3930\/revisions\/3976"}],"wp:attachment":[{"href":"http:\/\/www.gruene-muellheim-neuenburg.de\/up\/index.php?rest_route=%2Fwp%2Fv2%2Fmedia&parent=3930"}],"wp:term":[{"taxonomy":"category","embeddable":true,"href":"http:\/\/www.gruene-muellheim-neuenburg.de\/up\/index.php?rest_route=%2Fwp%2Fv2%2Fcategories&post=3930"},{"taxonomy":"post_tag","embeddable":true,"href":"http:\/\/www.gruene-muellheim-neuenburg.de\/up\/index.php?rest_route=%2Fwp%2Fv2%2Ftags&post=3930"}],"curies":[{"name":"wp","href":"https:\/\/api.w.org\/{rel}","templated":true}]}}