{"id":4010,"date":"2026-01-30T17:22:13","date_gmt":"2026-01-30T15:22:13","guid":{"rendered":"http:\/\/www.gruene-muellheim-neuenburg.de\/up\/?p=4010"},"modified":"2026-01-30T17:22:13","modified_gmt":"2026-01-30T15:22:13","slug":"gruene-stadtratsfraktion-stellt-antrag-zur-einrichtung-einer-stelle-fuer-klimamanagement","status":"publish","type":"post","link":"http:\/\/www.gruene-muellheim-neuenburg.de\/up\/?p=4010","title":{"rendered":"Gr\u00fcne Stadtratsfraktion stellt Antrag zur Einrichtung einer Stelle f\u00fcr Klimamanagement"},"content":{"rendered":"\n<p>M\u00fcllheim, den 22. Januar 2026<\/p>\n\n\n\n<p>Antrag:  Einrichtung einer gef\u00f6rderten Stelle f\u00fcr Klimamanagement<\/p>\n\n\n\n<p>Beschlussvorschlag<\/p>\n\n\n\n<ol class=\"wp-block-list\">\n<li>Der Gemeinderat der Stadt M\u00fcllheim beschlie\u00dft die Einrichtung einer Stelle f\u00fcr Klimamanagement (Klimaschutz- und Klimaanpassungsmanagement).<\/li>\n\n\n\n<li>Die Verwaltung wird beauftragt, unverz\u00fcglich F\u00f6rderantr\u00e4ge f\u00fcr diese Stelle zu stellen, insbesondere im Rahmen\n<ul class=\"wp-block-list\">\n<li><span style=\"color: initial; font-family: -apple-system, BlinkMacSystemFont, &quot;Segoe UI&quot;, Roboto, Oxygen-Sans, Ubuntu, Cantarell, &quot;Helvetica Neue&quot;, sans-serif;\">der Nationalen Klimaschutzinitiative (NKI), Kommunalrichtlinie: <\/span><em style=\"color: initial; font-family: -apple-system, BlinkMacSystemFont, &quot;Segoe UI&quot;, Roboto, Oxygen-Sans, Ubuntu, Cantarell, &quot;Helvetica Neue&quot;, sans-serif;\">Erstvorhaben Klimaschutzkonzept und Klimaschutzmanagement<\/em><span style=\"color: initial; font-family: -apple-system, BlinkMacSystemFont, &quot;Segoe UI&quot;, Roboto, Oxygen-Sans, Ubuntu, Cantarell, &quot;Helvetica Neue&quot;, sans-serif;\">, sowie<\/span><\/li>\n\n\n\n<li>des Bundesf\u00f6rderprogramms <em>Ma\u00dfnahmen zur Anpassung an die Folgen des Klimawandels<\/em>.<\/li>\n<\/ul>\n<\/li>\n\n\n\n<li>Die Stelle wird vorbehaltlich der F\u00f6rderzusage befristet eingerichtet und gem\u00e4\u00df den jeweiligen F\u00f6rderbedingungen kofinanziert.<\/li>\n\n\n\n<li>Der Gemeinderat ist regelm\u00e4\u00dfig \u00fcber den Stand der Antragstellung, die Arbeitsergebnisse sowie \u00fcber daraus abgeleitete F\u00f6rder- und Umsetzungsprojekte zu informieren.<\/li>\n<\/ol>\n\n\n\n<p>Begr\u00fcndung<\/p>\n\n\n\n<p>Die Stadt M\u00fcllheim steht wie viele Kommunen in Baden-W\u00fcrttemberg und bundesweit vor erheblichen finanziellen Herausforderungen. Die Haushaltslage macht einen verantwortungsvollen Umgang mit freiwilligen Leistungen sowie eine konsequente Nutzung externer F\u00f6rdermittel erforderlich. Gleichzeitig schreiten die Folgen des Klimawandels sichtbar und messbar voran. Zunehmende Hitzetage, l\u00e4ngere Trockenperioden, Starkregenereignisse sowie Belastungen f\u00fcr Infrastruktur, Landwirtschaft, W\u00e4lder und die Gesundheit der Bev\u00f6lkerung verursachen bereits heute Kosten und werden k\u00fcnftig erhebliche zus\u00e4tzliche finanzielle Belastungen f\u00fcr den st\u00e4dtischen Haushalt nach sich ziehen.Klimaschutz und insbesondere Klimaanpassung sind daher nicht allein umweltpolitische Zielsetzungen,sondern zunehmend Fragen der kommunalen Daseins- und Risikovorsorge. Pr\u00e4ventive Ma\u00dfnahmen sind in der Regel deutlich kosteng\u00fcnstiger als die nachtr\u00e4gliche Beseitigung von Sch\u00e4den, sofern rechtzeitig gehandelt wird.<\/p>\n\n\n\n<p>Bund und L\u00e4nder stellen hierf\u00fcr gezielt F\u00f6rdermittel zur Verf\u00fcgung, die ohne entsprechende personelleRessourcen in der Verwaltung nicht oder nur unzureichend abgerufen werden k\u00f6nnen. DieKommunalrichtlinie der Nationalen Klimaschutzinitiative (NKI) f\u00f6rdert im Rahmen eines Erstvorhabens sowohl die Erstellung integrierter Klimaschutzkonzepte als auch den Einsatz eines Klimaschutzmanagements. Die F\u00f6rderquote f\u00fcr Personalstellen liegt bei bis zu 70 Prozent \u00fcber einen F\u00f6rderzeitraum von 24 Monaten.<\/p>\n\n\n\n<p>Erg\u00e4nzend dazu unterst\u00fctzt das Bundesumweltministerium mit dem F\u00f6rderprogramm <em>Ma\u00dfnahmen zur Anpassung an die Folgen des Klimawandels<\/em> die Erarbeitung kommunaler Anpassungskonzepte sowie die Umsetzung konkreter Anpassungsma\u00dfnahmen. Zentrale Voraussetzung f\u00fcr diese F\u00f6rderung ist ein fachlich fundiertes, strategisches Vorgehen, wie es unter anderem in den Handlungsempfehlungen der Landesanstalt f\u00fcr Umwelt Baden-W\u00fcrttemberg (LUBW) beschrieben ist (&#8222;Antworten auf den Klimawandel&#8220;).<\/p>\n\n\n\n<p>Eine gef\u00f6rderte Stelle f\u00fcr Klimamanagement versetzt die Stadt M\u00fcllheim in die Lage,<\/p>\n\n\n\n<ul class=\"wp-block-list\">\n<li>systematisch integrierte Klimaschutz- und Klimaanpassungskonzepte zu erarbeiten,<\/li>\n\n\n\n<li>vorhandene wissenschaftliche Grundlagen und landesweite Empfehlungen (z. B. LUBW) auf die lokalen Gegebenheiten zu \u00fcbertragen,<\/li>\n\n\n\n<li>priorisierte, haushaltsvertr\u00e4gliche Ma\u00dfnahmenkataloge zu entwickeln,<\/li>\n\n\n\n<li>F\u00f6rderprogramme von Bund, Land und EU gezielt zu identifizieren,<\/li>\n\n\n\n<li>F\u00f6rderantr\u00e4ge fachlich fundiert zu stellen und Projekte \u00fcber ihre gesamte Laufzeit zu begleiten,<\/li>\n\n\n\n<li>die Umsetzung beschlossener Ma\u00dfnahmen zu koordinieren und deren Wirtschaftlichkeit und Wirkung zu evaluieren.<\/li>\n<\/ul>\n\n\n\n<p>Die erarbeiteten Konzepte sind regelm\u00e4\u00dfig zwingende Voraussetzung f\u00fcr weitergehende F\u00f6rderungen von Bund, Land und EU. Ohne entsprechende Konzepte und ein fachlich verantwortetes Klimamanagement bleiben diese F\u00f6rdermittel faktisch unzug\u00e4nglich. Die Stelle entfaltet damit eine erhebliche Hebelwirkung: Mit einem begrenzten kommunalen Eigenanteil k\u00f6nnen zus\u00e4tzliche externe Mittel in erheblichem Umfang nach M\u00fcllheim geholt werden, die andernfalls an andere Kommunen flie\u00dfen. Ein Verzicht auf diese Stelle w\u00fcrde somit nicht zu Einsparungen f\u00fchren, sondern dazu, dass der Stadt real verf\u00fcgbare F\u00f6rdermittel entgehen. Gleichzeitig werden Fehlinvestitionen vermieden, da Ma\u00dfnahmen strategisch geplant, priorisiert und auf ihre langfristigen Folgekosten hin bewertet werden.<\/p>\n\n\n\n<p>Angesichts der fortschreitenden Klimakrise, der steigenden Anforderungen an Kommunen und der vorhandenen F\u00f6rderm\u00f6glichkeiten ist die Einrichtung einer gef\u00f6rderten Stelle f\u00fcr Klimamanagement ein sachlich gebotener, finanziell verantwortbarer und strategisch sinnvoller Schritt f\u00fcr die Stadt M\u00fcllheim. Dabei ist zu ber\u00fccksichtigen, dass der Handlungsdruck weiter zunimmt. Klimatische Ver\u00e4nderungen schreiten voran, F\u00f6rderfenster sind zeitlich begrenzt und Entscheidungen, die heute nicht getroffen werden, lassen sich k\u00fcnftig nur mit deutlich h\u00f6heren Kosten nachholen. Die Uhr tickt und es ist jetzt geboten zu handeln, f\u00fcr die Stadt M\u00fcllheim und die Lebensqualit\u00e4t ihrer B\u00fcrgerinnen und B\u00fcrger.<\/p>\n\n\n\n<p>In der Stadtratssitzung vom 28.01.2026 wurde beschlossen:<br>&#8222;dem Haushaltsantrag der Fraktion B\u00fcndnis 90\/Gr\u00fcne auf eine befristete Aufnahme einer Stelle f\u00fcr Klimamanagement im Stellenplan zu folgen&#8220;<\/p>\n\n\n\n<p><a href=\"https:\/\/meeting-mobile.de\/mm\/muellheim\/ris_web.nsf\/meeting_doc.xsp?documentId=5F32B69275DAC6A2C1258D68005439B8&amp;action=openDocument\">https:\/\/meeting-mobile.de\/mm\/muellheim\/ris_web.nsf\/meeting_doc.xsp?documentId=5F32B69275DAC6A2C1258D68005439B8&amp;action=openDocument<\/a> <\/p>\n\n\n\n<p>Beschl\u00fcsse Kurzfassung<\/p>\n\n\n\n<p><br><\/p>\n","protected":false},"excerpt":{"rendered":"<p>M\u00fcllheim, den 22. Januar 2026 Antrag: Einrichtung einer gef\u00f6rderten Stelle f\u00fcr Klimamanagement Beschlussvorschlag Begr\u00fcndung Die Stadt M\u00fcllheim steht wie viele Kommunen in Baden-W\u00fcrttemberg und bundesweit vor erheblichen finanziellen Herausforderungen. Die&#8230; <\/p>\n","protected":false},"author":1,"featured_media":0,"comment_status":"closed","ping_status":"closed","sticky":true,"template":"","format":"standard","meta":{"footnotes":""},"categories":[1,4,115],"tags":[],"class_list":["post-4010","post","type-post","status-publish","format-standard","hentry","category-allgemein","category-gruene","category-klima"],"_links":{"self":[{"href":"http:\/\/www.gruene-muellheim-neuenburg.de\/up\/index.php?rest_route=\/wp\/v2\/posts\/4010","targetHints":{"allow":["GET"]}}],"collection":[{"href":"http:\/\/www.gruene-muellheim-neuenburg.de\/up\/index.php?rest_route=\/wp\/v2\/posts"}],"about":[{"href":"http:\/\/www.gruene-muellheim-neuenburg.de\/up\/index.php?rest_route=\/wp\/v2\/types\/post"}],"author":[{"embeddable":true,"href":"http:\/\/www.gruene-muellheim-neuenburg.de\/up\/index.php?rest_route=\/wp\/v2\/users\/1"}],"replies":[{"embeddable":true,"href":"http:\/\/www.gruene-muellheim-neuenburg.de\/up\/index.php?rest_route=%2Fwp%2Fv2%2Fcomments&post=4010"}],"version-history":[{"count":1,"href":"http:\/\/www.gruene-muellheim-neuenburg.de\/up\/index.php?rest_route=\/wp\/v2\/posts\/4010\/revisions"}],"predecessor-version":[{"id":4011,"href":"http:\/\/www.gruene-muellheim-neuenburg.de\/up\/index.php?rest_route=\/wp\/v2\/posts\/4010\/revisions\/4011"}],"wp:attachment":[{"href":"http:\/\/www.gruene-muellheim-neuenburg.de\/up\/index.php?rest_route=%2Fwp%2Fv2%2Fmedia&parent=4010"}],"wp:term":[{"taxonomy":"category","embeddable":true,"href":"http:\/\/www.gruene-muellheim-neuenburg.de\/up\/index.php?rest_route=%2Fwp%2Fv2%2Fcategories&post=4010"},{"taxonomy":"post_tag","embeddable":true,"href":"http:\/\/www.gruene-muellheim-neuenburg.de\/up\/index.php?rest_route=%2Fwp%2Fv2%2Ftags&post=4010"}],"curies":[{"name":"wp","href":"https:\/\/api.w.org\/{rel}","templated":true}]}}